{"id":22168,"date":"2022-09-01T10:09:45","date_gmt":"2022-09-01T10:09:45","guid":{"rendered":"https:\/\/rdnews.al\/?p=22168"},"modified":"2022-09-01T10:09:45","modified_gmt":"2022-09-01T10:09:45","slug":"meta-denoncon-autoritetin-e-dosjeve-per-manipulim-dhe-shantazh","status":"publish","type":"post","link":"https:\/\/rdnews.al\/index.php\/2022\/09\/01\/meta-denoncon-autoritetin-e-dosjeve-per-manipulim-dhe-shantazh\/","title":{"rendered":"Meta denoncon Autoritetin e dosjeve p\u00ebr manipulim dhe shantazh"},"content":{"rendered":"<p>Kreu i Partis\u00eb s\u00eb Liris\u00eb Ilir Meta ka kall\u00ebzuar Autoritetin e Dosjeve. Pas publikimit nga Autoriteti i Dosjeve p\u00ebr agjentin I.M., Meta n\u00eb nj\u00eb reagim n\u00eb Facebook, i ka cil\u00ebsuar si manipulime dhe shantazhe p\u00ebr llogari t\u00eb kryeministrit Edi Rama. M\u00eb tej shton se do t\u00eb zhvilloj\u00eb edhe nj\u00eb konferenc\u00eb p\u00ebr t\u00eb sqaruar m\u00eb tej qytetar\u00ebt.<\/p>\n<p><strong>Reagimi i Ilir Met\u00ebs<\/strong><\/p>\n<p>T\u00eb dashur qytetare dhe qytetar\u00eb,<\/p>\n<p>Sot kam kall\u00ebzuar penalisht an\u00ebtar\u00ebt e Autoritetit t\u00eb Dosjeve p\u00ebr shkeljet e r\u00ebnda dhe t\u00eb q\u00ebllimshme q\u00eb i kan\u00eb b\u00ebr\u00eb ligjit organik p\u00ebr dosjet e ish-Sigurimit t\u00eb Shtetit, p\u00ebr manipulimet dhe falsifikimet flagrante n\u00eb sh\u00ebrbim t\u00eb shantazhit politik, p\u00ebr llogari t\u00eb Edi Ram\u00ebs. P\u00ebr m\u00eb shum\u00eb detaje, do t\u00eb zhvilloj nj\u00eb konferenc\u00eb shtypi n\u00eb funksion t\u00eb transparenc\u00ebs para t\u00eb gjith\u00eb qytetar\u00ebve shqiptar\u00eb.<\/p>\n<p><img loading=\"lazy\" decoding=\"async\" class=\"alignnone size-medium wp-image-22169\" src=\"https:\/\/rdnews.al\/wp-content\/uploads\/2022\/09\/me-300x283.jpg\" alt=\"\" width=\"300\" height=\"283\" srcset=\"https:\/\/rdnews.al\/wp-content\/uploads\/2022\/09\/me-300x283.jpg 300w, https:\/\/rdnews.al\/wp-content\/uploads\/2022\/09\/me.jpg 371w\" sizes=\"auto, (max-width: 300px) 100vw, 300px\" \/><\/p>\n","protected":false},"excerpt":{"rendered":"<p>Kreu i Partis\u00eb s\u00eb Liris\u00eb Ilir Meta ka kall\u00ebzuar Autoritetin e Dosjeve. Pas publikimit nga Autoriteti i Dosjeve p\u00ebr agjentin I.M., Meta n\u00eb nj\u00eb reagim n\u00eb Facebook, i ka cil\u00ebsuar si manipulime dhe shantazhe p\u00ebr llogari t\u00eb kryeministrit Edi Rama. M\u00eb tej shton se do t\u00eb zhvilloj\u00eb edhe nj\u00eb konferenc\u00eb p\u00ebr t\u00eb sqaruar m\u00eb tej &hellip;<\/p>\n","protected":false},"author":4,"featured_media":0,"comment_status":"open","ping_status":"open","sticky":false,"template":"","format":"standard","meta":{"footnotes":""},"categories":[37],"tags":[],"class_list":["post-22168","post","type-post","status-publish","format-standard","","category-politike"],"_links":{"self":[{"href":"https:\/\/rdnews.al\/index.php\/wp-json\/wp\/v2\/posts\/22168","targetHints":{"allow":["GET"]}}],"collection":[{"href":"https:\/\/rdnews.al\/index.php\/wp-json\/wp\/v2\/posts"}],"about":[{"href":"https:\/\/rdnews.al\/index.php\/wp-json\/wp\/v2\/types\/post"}],"author":[{"embeddable":true,"href":"https:\/\/rdnews.al\/index.php\/wp-json\/wp\/v2\/users\/4"}],"replies":[{"embeddable":true,"href":"https:\/\/rdnews.al\/index.php\/wp-json\/wp\/v2\/comments?post=22168"}],"version-history":[{"count":0,"href":"https:\/\/rdnews.al\/index.php\/wp-json\/wp\/v2\/posts\/22168\/revisions"}],"wp:attachment":[{"href":"https:\/\/rdnews.al\/index.php\/wp-json\/wp\/v2\/media?parent=22168"}],"wp:term":[{"taxonomy":"category","embeddable":true,"href":"https:\/\/rdnews.al\/index.php\/wp-json\/wp\/v2\/categories?post=22168"},{"taxonomy":"post_tag","embeddable":true,"href":"https:\/\/rdnews.al\/index.php\/wp-json\/wp\/v2\/tags?post=22168"}],"curies":[{"name":"wp","href":"https:\/\/api.w.org\/{rel}","templated":true}]}}