{"id":22558,"date":"2022-09-05T20:08:25","date_gmt":"2022-09-05T20:08:25","guid":{"rendered":"https:\/\/rdnews.al\/?p=22558"},"modified":"2022-09-05T20:08:25","modified_gmt":"2022-09-05T20:08:25","slug":"leskaj-sekti-rama-ekzekuton-krimin-e-rradhes-ne-vlore-me-tec-et-lundruese","status":"publish","type":"post","link":"https:\/\/rdnews.al\/index.php\/2022\/09\/05\/leskaj-sekti-rama-ekzekuton-krimin-e-rradhes-ne-vlore-me-tec-et-lundruese\/","title":{"rendered":"Leskaj: Sekti Rama ekzekuton krimin e rradh\u00ebs n\u00eb Vlor\u00eb me TEC-et lundruese"},"content":{"rendered":"<p><strong>Nga Bujar LESKAJ<\/strong><\/p>\n<p>N\u00eb dat\u00ebn 8 shtator TEC-et lundruese n\u00eb anije mb\u00ebrrijn\u00eb n\u00eb Vlor\u00eb.<\/p>\n<p>Nj\u00eb katastrof\u00eb e v\u00ebrtet\u00eb ekologjike, njer\u00ebzore e ekonomike p\u00ebr Vlor\u00ebn, si rrjedhoj\u00eb e ndotjes, e cila do t\u00eb krijohet nga djegja e naft\u00ebs bruto, pik\u00ebrisht n\u00eb gjirin turistik t\u00eb Vlor\u00ebs, duke asfiksuar industrin\u00eb e turizmit aty, duke ndotur ajrin, d\u00ebmtuar flor\u00ebn e faun\u00ebn, duke zhdukur plazhet. P\u00ebr t\u00eb gjith\u00eb ata q\u00eb e njohin Vlor\u00ebn, Laguna e Nart\u00ebs dhe Pylli i Sod\u00ebs, dy pika t\u00eb atraksionit turistik e ekonomik do t\u00eb zhduken.<\/p>\n<p>Kostoja ekonomike \u00ebsht\u00eb shum\u00eb e lart\u00eb: shteti do t\u2019i paguaj\u00eb kompanis\u00eb 63.000 $ n\u00eb dit\u00eb p\u00ebr 2 vjet.<\/p>\n<p>Natyrisht k\u00ebto para do t\u00eb dalin nga xhepat e qytetar\u00ebve shqiptar\u00eb, t\u00eb cil\u00ebt do t\u00eb varf\u00ebrohen edhe m\u00eb shum\u00eb.<\/p>\n<p>Natyrisht q\u00eb k\u00ebt\u00eb ndotje t\u00eb mjedisit, k\u00ebt\u00eb d\u00ebm t\u00eb turizmit, k\u00ebt\u00eb korrupsion e shp\u00ebrdorim sekti Rama p\u00ebrs\u00ebri do ta hedh\u00eb mbi shpin\u00ebn e qytetar\u00ebve shqiptar\u00eb!<\/p>\n<p>Nj\u00eb skem\u00eb e ngjashme si me aferat korruptive dhe prokurimet publike q\u00eb kryen sekti Rama.<\/p>\n<p>K\u00ebsaj katastrofe, k\u00ebsaj marr\u00ebzie, k\u00ebsaj afere korruptive qytetar\u00ebt e Vlor\u00ebs dhe jo vet\u00ebm duhet t\u2019i thon\u00eb NDAL!<\/p>\n<p>Prandaj \u00ebsht\u00eb koha q\u00eb t\u00eb gjith\u00eb qytetar\u00ebt e p\u00ebrgjegjsh\u00ebm t\u00eb Vlor\u00ebs dhe jo vet\u00ebm, duhet q\u00eb haptazi dhe pa rezerva t\u00eb mb\u00ebshtesin shoqatat e ambientalist\u00ebve, intelektual\u00ebt e angazhuar ose jo dhe shoq\u00ebrin\u00eb civile, t\u00eb cilat po ngren\u00eb z\u00ebrin duke sensibilizuar opinionin qytetar kund\u00ebr nj\u00eb marr\u00ebzie t\u00eb till\u00eb.<\/p>\n","protected":false},"excerpt":{"rendered":"<p>Nga Bujar LESKAJ N\u00eb dat\u00ebn 8 shtator TEC-et lundruese n\u00eb anije mb\u00ebrrijn\u00eb n\u00eb Vlor\u00eb. Nj\u00eb katastrof\u00eb e v\u00ebrtet\u00eb ekologjike, njer\u00ebzore e ekonomike p\u00ebr Vlor\u00ebn, si rrjedhoj\u00eb e ndotjes, e cila do t\u00eb krijohet nga djegja e naft\u00ebs bruto, pik\u00ebrisht n\u00eb gjirin turistik t\u00eb Vlor\u00ebs, duke asfiksuar industrin\u00eb e turizmit aty, duke ndotur ajrin, d\u00ebmtuar flor\u00ebn &hellip;<\/p>\n","protected":false},"author":4,"featured_media":22559,"comment_status":"open","ping_status":"open","sticky":false,"template":"","format":"standard","meta":{"footnotes":""},"categories":[40],"tags":[],"class_list":["post-22558","post","type-post","status-publish","format-standard","has-post-thumbnail","","category-aktualitet"],"_links":{"self":[{"href":"https:\/\/rdnews.al\/index.php\/wp-json\/wp\/v2\/posts\/22558","targetHints":{"allow":["GET"]}}],"collection":[{"href":"https:\/\/rdnews.al\/index.php\/wp-json\/wp\/v2\/posts"}],"about":[{"href":"https:\/\/rdnews.al\/index.php\/wp-json\/wp\/v2\/types\/post"}],"author":[{"embeddable":true,"href":"https:\/\/rdnews.al\/index.php\/wp-json\/wp\/v2\/users\/4"}],"replies":[{"embeddable":true,"href":"https:\/\/rdnews.al\/index.php\/wp-json\/wp\/v2\/comments?post=22558"}],"version-history":[{"count":0,"href":"https:\/\/rdnews.al\/index.php\/wp-json\/wp\/v2\/posts\/22558\/revisions"}],"wp:featuredmedia":[{"embeddable":true,"href":"https:\/\/rdnews.al\/index.php\/wp-json\/wp\/v2\/media\/22559"}],"wp:attachment":[{"href":"https:\/\/rdnews.al\/index.php\/wp-json\/wp\/v2\/media?parent=22558"}],"wp:term":[{"taxonomy":"category","embeddable":true,"href":"https:\/\/rdnews.al\/index.php\/wp-json\/wp\/v2\/categories?post=22558"},{"taxonomy":"post_tag","embeddable":true,"href":"https:\/\/rdnews.al\/index.php\/wp-json\/wp\/v2\/tags?post=22558"}],"curies":[{"name":"wp","href":"https:\/\/api.w.org\/{rel}","templated":true}]}}