{"id":22778,"date":"2022-09-08T08:49:15","date_gmt":"2022-09-08T08:49:15","guid":{"rendered":"https:\/\/rdnews.al\/?p=22778"},"modified":"2022-09-08T08:49:15","modified_gmt":"2022-09-08T08:49:15","slug":"gazetari-vangjeli-askush-nuk-ka-mjaftueshem-para-per-te-blere-berishen-dhe-meten","status":"publish","type":"post","link":"https:\/\/rdnews.al\/index.php\/2022\/09\/08\/gazetari-vangjeli-askush-nuk-ka-mjaftueshem-para-per-te-blere-berishen-dhe-meten\/","title":{"rendered":"Gazetari Vangjeli: Askush nuk ka mjaftuesh\u00ebm para p\u00ebr t\u00eb bler\u00eb Berish\u00ebn dhe Met\u00ebn"},"content":{"rendered":"<p>Analisti Lorenc Vangjeli ka th\u00ebn\u00eb se askush nuk ka para t\u00eb mjaftuehsme p\u00ebr t\u00eb bler\u00eb Sali Berish\u00ebn dhe Ilir Met\u00ebn, teksa shtoi se e vetmja q\u00eb q\u00eb nuk ka \u00e7mim n\u00eb Tiran\u00eb, \u00ebsht\u00eb posti i kryeministrit.<\/p>\n<p>Vangjeli tha nd\u00ebr t\u00eb tjera se nj\u00eb opozit\u00eb m\u00eb e fort\u00eb \u00ebsht\u00eb m\u00eb e sh\u00ebqndetshme edhe p\u00ebr qerverin\u00eb, nd\u00ebrsa paralaj\u00ebmroi se do t\u00eb jet\u00eb e v\u00ebshtir\u00eb p\u00ebr Berish\u00ebn dhe Met\u00ebn t\u00eb vijn\u00eb n\u00eb pushtet.<\/p>\n<p>Pjes\u00eb nga debati:<\/p>\n<p>Meta: Opozita do b\u00ebhet bashk\u00eb me gjith\u00eb shqiptar\u00ebt q\u00eb k\u00ebrkojn\u00eb ndryshim<\/p>\n<p>Xhafo: Lorenc Vangjeli ka th\u00ebn\u00eb se Ilir Meta dhe Sali Berisha e kan\u00eb provuar t\u00eb jen\u00eb kryeminist\u00ebr dhe nuk i vihet \u00e7mim pozicionit t\u00eb kryeministrit.<\/p>\n<p>Vangjeli: \u00c7do gj\u00eb shitet dhe shitet n\u00eb Tiran\u00eb. E vetmja gj\u00eb q\u00eb nuk ka \u00e7mim n\u00eb Tiran\u00eb \u00ebsht\u00eb posti i kryeministrit. Askush nuk ka para t\u00eb mjaftueshme n\u00eb Tiran\u00eb p\u00ebr t\u2019ju bler\u00eb ju (Met\u00ebn) dhe zotin Berisha. Un\u00eb e kam shum\u00eb t\u00eb lart\u00eb dhe nuk m\u00eb afrohet njeri.<\/p>\n<p>Rama mendonte se nj\u00eb opozit\u00eb e dob\u00ebt do e b\u00ebnte pushtetin e tij m\u00eb t\u00eb fort\u00eb, un\u00eb mendoj t\u00eb kund\u00ebrt\u00ebn. Nj\u00eb opozit\u00eb e fort\u00eb \u00ebsht\u00eb kushti p\u00ebr nj\u00eb qeveri t\u00eb sh\u00ebndetshme. Duke reformuar opozit\u00ebn ju t\u00eb dy, mendoj se shanset p\u00ebr t\u00eb ardhur n\u00eb pushtet nuk jan\u00eb t\u00eb larta.<\/p>\n<p>Meta: Kan\u00eb qen\u00eb ndeshjet e shitura deri tani. Tani \u00ebsht\u00eb loj\u00eb.<\/p>\n<p>Vangjeli: N\u00eb k\u00ebt\u00eb loj\u00eb nuk \u00ebsht\u00eb llogaritur ajo q\u00eb un\u00eb kam th\u00ebn\u00eb, shfaqja e aktorit t\u00eb ri q\u00eb nuk kontrollohet nga qeveria.<\/p>\n","protected":false},"excerpt":{"rendered":"<p>Analisti Lorenc Vangjeli ka th\u00ebn\u00eb se askush nuk ka para t\u00eb mjaftuehsme p\u00ebr t\u00eb bler\u00eb Sali Berish\u00ebn dhe Ilir Met\u00ebn, teksa shtoi se e vetmja q\u00eb q\u00eb nuk ka \u00e7mim n\u00eb Tiran\u00eb, \u00ebsht\u00eb posti i kryeministrit. Vangjeli tha nd\u00ebr t\u00eb tjera se nj\u00eb opozit\u00eb m\u00eb e fort\u00eb \u00ebsht\u00eb m\u00eb e sh\u00ebqndetshme edhe p\u00ebr qerverin\u00eb, nd\u00ebrsa &hellip;<\/p>\n","protected":false},"author":5,"featured_media":22779,"comment_status":"open","ping_status":"open","sticky":false,"template":"","format":"standard","meta":{"footnotes":""},"categories":[37],"tags":[],"class_list":["post-22778","post","type-post","status-publish","format-standard","has-post-thumbnail","","category-politike"],"_links":{"self":[{"href":"https:\/\/rdnews.al\/index.php\/wp-json\/wp\/v2\/posts\/22778","targetHints":{"allow":["GET"]}}],"collection":[{"href":"https:\/\/rdnews.al\/index.php\/wp-json\/wp\/v2\/posts"}],"about":[{"href":"https:\/\/rdnews.al\/index.php\/wp-json\/wp\/v2\/types\/post"}],"author":[{"embeddable":true,"href":"https:\/\/rdnews.al\/index.php\/wp-json\/wp\/v2\/users\/5"}],"replies":[{"embeddable":true,"href":"https:\/\/rdnews.al\/index.php\/wp-json\/wp\/v2\/comments?post=22778"}],"version-history":[{"count":0,"href":"https:\/\/rdnews.al\/index.php\/wp-json\/wp\/v2\/posts\/22778\/revisions"}],"wp:featuredmedia":[{"embeddable":true,"href":"https:\/\/rdnews.al\/index.php\/wp-json\/wp\/v2\/media\/22779"}],"wp:attachment":[{"href":"https:\/\/rdnews.al\/index.php\/wp-json\/wp\/v2\/media?parent=22778"}],"wp:term":[{"taxonomy":"category","embeddable":true,"href":"https:\/\/rdnews.al\/index.php\/wp-json\/wp\/v2\/categories?post=22778"},{"taxonomy":"post_tag","embeddable":true,"href":"https:\/\/rdnews.al\/index.php\/wp-json\/wp\/v2\/tags?post=22778"}],"curies":[{"name":"wp","href":"https:\/\/api.w.org\/{rel}","templated":true}]}}