{"id":24079,"date":"2022-09-22T17:49:17","date_gmt":"2022-09-22T17:49:17","guid":{"rendered":"https:\/\/rdnews.al\/?p=24079"},"modified":"2022-09-22T17:50:31","modified_gmt":"2022-09-22T17:50:31","slug":"meta-vetem-protestat-qytetare-do-na-ndajne-nga-hajduteria-e-edvin-k-ramen","status":"publish","type":"post","link":"https:\/\/rdnews.al\/index.php\/2022\/09\/22\/meta-vetem-protestat-qytetare-do-na-ndajne-nga-hajduteria-e-edvin-k-ramen\/","title":{"rendered":"Meta: Vet\u00ebm protestat qytetare do na ndajn\u00eb nga hajdut\u00ebria e Edvin K. Ram\u00ebn"},"content":{"rendered":"<p>Kryetari i Partis\u00eb s\u00eb Liris\u00eb, Ilir Meta me nj\u00eb reagim t\u00eb tij n\u00eb Facebook, shkruan se vet\u00ebm protestat e qytetar\u00ebve rikthejn\u00eb rendin kushtetues n\u00eb vend. Meta shkruan se, vet\u00ebm me protesta ndahemi nga keqqeverisja e Edvin K. Ram\u00ebs.<\/p>\n<p>\u201cN\u00eb nj\u00eb shtet t\u00eb kapur t\u00ebr\u00ebsisht nga mafia kush do t&#8217;i vendos\u00eb p\u00ebrpara p\u00ebrgjegj\u00ebsis\u00eb shkel\u00ebsit e ligjit, t\u00eb siguris\u00eb komb\u00ebtare dhe t\u00eb transferimit t\u00eb t\u00eb dh\u00ebnave t\u00eb qytetar\u00ebve te patronazhist\u00ebt p\u00ebr q\u00ebllime shantazhi dhe presioni?<\/p>\n<p>Vet\u00ebm protestat qytetare do t\u00eb rivendosin rendin kushtetues dhe ligjshm\u00ebrin\u00eb p\u00ebr t&#8217;u ndar\u00eb me dekad\u00ebn e hajdut\u00ebris\u00eb dhe keqqeverisjes t\u00eb Edvin K. Ram\u00ebs\u201d,\u00a0shkruan Meta.<\/p>\n","protected":false},"excerpt":{"rendered":"<p>Kryetari i Partis\u00eb s\u00eb Liris\u00eb, Ilir Meta me nj\u00eb reagim t\u00eb tij n\u00eb Facebook, shkruan se vet\u00ebm protestat e qytetar\u00ebve rikthejn\u00eb rendin kushtetues n\u00eb vend. Meta shkruan se, vet\u00ebm me protesta ndahemi nga keqqeverisja e Edvin K. Ram\u00ebs. \u201cN\u00eb nj\u00eb shtet t\u00eb kapur t\u00ebr\u00ebsisht nga mafia kush do t&#8217;i vendos\u00eb p\u00ebrpara p\u00ebrgjegj\u00ebsis\u00eb shkel\u00ebsit e ligjit, &hellip;<\/p>\n","protected":false},"author":4,"featured_media":0,"comment_status":"open","ping_status":"open","sticky":false,"template":"","format":"standard","meta":{"footnotes":""},"categories":[37],"tags":[],"class_list":["post-24079","post","type-post","status-publish","format-standard","","category-politike"],"_links":{"self":[{"href":"https:\/\/rdnews.al\/index.php\/wp-json\/wp\/v2\/posts\/24079","targetHints":{"allow":["GET"]}}],"collection":[{"href":"https:\/\/rdnews.al\/index.php\/wp-json\/wp\/v2\/posts"}],"about":[{"href":"https:\/\/rdnews.al\/index.php\/wp-json\/wp\/v2\/types\/post"}],"author":[{"embeddable":true,"href":"https:\/\/rdnews.al\/index.php\/wp-json\/wp\/v2\/users\/4"}],"replies":[{"embeddable":true,"href":"https:\/\/rdnews.al\/index.php\/wp-json\/wp\/v2\/comments?post=24079"}],"version-history":[{"count":0,"href":"https:\/\/rdnews.al\/index.php\/wp-json\/wp\/v2\/posts\/24079\/revisions"}],"wp:attachment":[{"href":"https:\/\/rdnews.al\/index.php\/wp-json\/wp\/v2\/media?parent=24079"}],"wp:term":[{"taxonomy":"category","embeddable":true,"href":"https:\/\/rdnews.al\/index.php\/wp-json\/wp\/v2\/categories?post=24079"},{"taxonomy":"post_tag","embeddable":true,"href":"https:\/\/rdnews.al\/index.php\/wp-json\/wp\/v2\/tags?post=24079"}],"curies":[{"name":"wp","href":"https:\/\/api.w.org\/{rel}","templated":true}]}}