{"id":24354,"date":"2022-09-26T13:05:44","date_gmt":"2022-09-26T13:05:44","guid":{"rendered":"https:\/\/rdnews.al\/?p=24354"},"modified":"2022-09-26T13:08:01","modified_gmt":"2022-09-26T13:08:01","slug":"be-kerkon-bashkepunim-me-qeverine-e-djathte-te-italise","status":"publish","type":"post","link":"https:\/\/rdnews.al\/index.php\/2022\/09\/26\/be-kerkon-bashkepunim-me-qeverine-e-djathte-te-italise\/","title":{"rendered":"BE k\u00ebrkon bashk\u00ebpunim me qeverin\u00eb e djatht\u00eb t\u00eb Italis\u00eb"},"content":{"rendered":"<p>Komisioni Evropian thot\u00eb se shpreson p\u00ebr nj\u00eb marr\u00ebdh\u00ebnie \u201ckonstruktive\u201d me qeverin\u00eb e re t\u00eb Giorgia Melonit, pavar\u00ebsisht nga nj\u00eb grindje publike m\u00eb her\u00ebt.<\/p>\n<p>Matteo Salvini, pjes\u00eb e aleanc\u00ebs konservatore t\u00eb Melonit, kishte akuzuar shefen e komisionit Ursula von der Leyen p\u00ebr \u201carroganc\u00eb t\u00eb turpshme\u201d p\u00ebr komentet q\u00eb ajo b\u00ebri p\u00ebrpara zgjedhjeve.<\/p>\n<p>Von der Leyen tha se do t\u00eb ishte e gatshme t\u00eb punonte me qeverin\u00eb e zgjedhur n\u00eb m\u00ebnyr\u00eb demokratike, por paralajm\u00ebroi Italin\u00eb p\u00ebr pasojat n\u00ebse ajo largohet nga parimet demokratike.<\/p>\n<p>\u201cN\u00ebse gj\u00ebrat shkojn\u00eb n\u00eb nj\u00eb drejtim t\u00eb v\u00ebshtir\u00eb, un\u00eb kam folur p\u00ebr Hungarin\u00eb dhe Polonin\u00eb, ne kemi mjete,\u201d tha ajo, duke iu referuar t\u00ebrheqjes s\u00eb fondeve p\u00ebr ato vende n\u00eb nj\u00eb rresht afatgjat\u00eb.<\/p>\n<p>Por z\u00ebdh\u00ebn\u00ebsi i BE-s\u00eb Eric Mamer tha n\u00eb nj\u00eb konferenc\u00eb shtypi k\u00ebt\u00eb m\u00ebngjes se komisioni, dega ekzekutive e BE-s\u00eb, punon n\u00eb parim \u201cme qeverit\u00eb q\u00eb dalin nga zgjedhjet\u201d.<\/p>\n<p>\u201cKjo nuk \u00ebsht\u00eb ndryshe n\u00eb k\u00ebt\u00eb rast. Sigurisht, ne shpresojm\u00eb se do t\u00eb kemi nj\u00eb bashk\u00ebpunim konstruktiv me autoritetet e reja italiane,\u201d shtoi komisioni.<\/p>\n","protected":false},"excerpt":{"rendered":"<p>Komisioni Evropian thot\u00eb se shpreson p\u00ebr nj\u00eb marr\u00ebdh\u00ebnie \u201ckonstruktive\u201d me qeverin\u00eb e re t\u00eb Giorgia Melonit, pavar\u00ebsisht nga nj\u00eb grindje publike m\u00eb her\u00ebt. Matteo Salvini, pjes\u00eb e aleanc\u00ebs konservatore t\u00eb Melonit, kishte akuzuar shefen e komisionit Ursula von der Leyen p\u00ebr \u201carroganc\u00eb t\u00eb turpshme\u201d p\u00ebr komentet q\u00eb ajo b\u00ebri p\u00ebrpara zgjedhjeve. Von der Leyen tha &hellip;<\/p>\n","protected":false},"author":5,"featured_media":24355,"comment_status":"open","ping_status":"open","sticky":false,"template":"","format":"standard","meta":{"footnotes":""},"categories":[38],"tags":[],"class_list":["post-24354","post","type-post","status-publish","format-standard","has-post-thumbnail","","category-bota"],"_links":{"self":[{"href":"https:\/\/rdnews.al\/index.php\/wp-json\/wp\/v2\/posts\/24354","targetHints":{"allow":["GET"]}}],"collection":[{"href":"https:\/\/rdnews.al\/index.php\/wp-json\/wp\/v2\/posts"}],"about":[{"href":"https:\/\/rdnews.al\/index.php\/wp-json\/wp\/v2\/types\/post"}],"author":[{"embeddable":true,"href":"https:\/\/rdnews.al\/index.php\/wp-json\/wp\/v2\/users\/5"}],"replies":[{"embeddable":true,"href":"https:\/\/rdnews.al\/index.php\/wp-json\/wp\/v2\/comments?post=24354"}],"version-history":[{"count":0,"href":"https:\/\/rdnews.al\/index.php\/wp-json\/wp\/v2\/posts\/24354\/revisions"}],"wp:featuredmedia":[{"embeddable":true,"href":"https:\/\/rdnews.al\/index.php\/wp-json\/wp\/v2\/media\/24355"}],"wp:attachment":[{"href":"https:\/\/rdnews.al\/index.php\/wp-json\/wp\/v2\/media?parent=24354"}],"wp:term":[{"taxonomy":"category","embeddable":true,"href":"https:\/\/rdnews.al\/index.php\/wp-json\/wp\/v2\/categories?post=24354"},{"taxonomy":"post_tag","embeddable":true,"href":"https:\/\/rdnews.al\/index.php\/wp-json\/wp\/v2\/tags?post=24354"}],"curies":[{"name":"wp","href":"https:\/\/api.w.org\/{rel}","templated":true}]}}