{"id":24425,"date":"2022-09-27T10:58:50","date_gmt":"2022-09-27T10:58:50","guid":{"rendered":"https:\/\/rdnews.al\/?p=24425"},"modified":"2022-09-27T10:58:50","modified_gmt":"2022-09-27T10:58:50","slug":"padrejtesia-me-e-madhe-eshte-te-pretendosh-se-ke-drejtesi","status":"publish","type":"post","link":"https:\/\/rdnews.al\/index.php\/2022\/09\/27\/padrejtesia-me-e-madhe-eshte-te-pretendosh-se-ke-drejtesi\/","title":{"rendered":"Padrejt\u00ebsia m\u00eb e madhe \u00ebsht\u00eb t\u00eb pretendosh se ke drejt\u00ebsi!"},"content":{"rendered":"<p><strong>Nga\u00a0Lutfi DERVISHI<\/strong><\/p>\n<p>Gjykata Administrative n\u00eb Tiran\u00eb nuk habiti ask\u00ebnd kur nuk pezulloi urdhrin arbitrar t\u00eb Ministris\u00eb s\u00eb Arsimit p\u00ebr t\u00eb mbyllur aktivitetin arsimor t\u00eb nj\u00eb kopshti privat. Arsyetimi: \u201cnuk provoni se u \u00ebsht\u00eb shkaktuar d\u00ebm\u201d. Nj\u00eb arsyetim i till\u00eb shkon p\u00ebrtej skenarist\u00ebve t\u00eb filmave horror.<\/p>\n<p>Shvejku do t\u00eb thoshte: \u201cedhe ky maskarall\u00ebk \u00ebsht\u00eb i domosdosh\u00ebm\u201d.<\/p>\n<p>Por cili \u00ebsht\u00eb koncepti p\u00ebr d\u00ebmin i gjyqtarit?<\/p>\n<p>Si \u00ebsht\u00eb e mund t\u00eb ngat\u00ebrrohet e drejta civile (d\u00ebmi material dhe\/ose moral) me t\u00eb drejt\u00ebn administrative (urdh\u00ebr\/vendim i padrejt\u00eb).<\/p>\n<p>\u00c7far\u00eb e shtyn nj\u00eb gjyqtar t\u00eb ket\u00eb frik\u00eb t\u00eb vendos\u00eb sipas nd\u00ebrgjegjes s\u00eb vet profesionale?<\/p>\n<p>Frika?<\/p>\n<p>N\u00eb seanc\u00ebn e gjyqit si mjet p\u00ebr t\u00eb ushtruar presion ishte investuar edhe Avokatura e Shtetit. \u00c7\u00ebshtja \u00ebsht\u00eb krejt jasht\u00eb fush\u00eb veprimit t\u00eb Avokatur\u00ebs s\u00eb Shtetit. Por aferim. Avokat\u00ebt e shtetit gjejn\u00eb koh\u00eb p\u00ebr t\u00eb shkuar n\u00eb sall\u00ebn e gjyqit p\u00ebr mbylljen e nj\u00eb kopshti f\u00ebmij\u00ebsh?!!<\/p>\n<p>Kur n\u00eb nj\u00eb \u00e7\u00ebshtje kaq t\u00eb qart\u00eb nuk fiton e drejta, por arbitrariteti. \u00e7far\u00eb mund t\u00eb pres\u00ebsh nga gjyqtar\u00ebt n\u00eb \u00e7\u00ebshtje m\u00eb t\u00eb komplikuara?<\/p>\n<p>Kur \u00e7do njeri q\u00eb pyet n\u00eb rrug\u00eb e di shum\u00eb mir\u00eb pse po mbyllet sot kopshti dhe nes\u00ebr shkolla, si ndodh q\u00eb k\u00ebt\u00eb gj\u00eb nuk e di gjykat\u00ebsi?<\/p>\n<p>N\u00ebse do t\u00eb kishim nj\u00eb gjykat\u00ebs ideal, do t\u00eb mjaftonin dy pyetje p\u00ebr p\u00ebrfaq\u00ebsuesit e ministris\u00eb dhe Avokatis\u00eb s\u00eb Shtetit, p\u00ebr t\u00eb zbuluar motivet e v\u00ebrteta t\u00eb mbylljes s\u00eb kopshtit: &#8211; Sa inspektime kan\u00eb zhvilluar n\u00eb kopshtet e tjera? N\u00eb renditjen nga 1 deri 10 \u00e7far\u00eb vendi z\u00ebn\u00eb n\u00eb rang vendi (sipas inspektimeve t\u00eb m\u00ebparshme t\u00eb vet\u00eb ministris\u00eb), kopshti i mbyllur?<\/p>\n<p>Por, duket se gjykata nuk ka qen\u00eb e interesuar p\u00ebr t\u00eb v\u00ebrtet\u00ebn, por ka qen\u00eb n\u00eb \u201csiklet\u201d mos i prish pun\u00eb qeveris\u00eb.<\/p>\n<p>N\u00ebse n\u00eb p\u00ebrballjet mes shtetit dhe institucionet private fiton gjithmon\u00eb shteti, n\u00ebse n\u00eb p\u00ebrballjet e biznesit me grupet mjedisore, fiton gjithmon\u00eb biznesi, n\u00ebse n\u00eb p\u00ebrballjet mes shtetit dhe individit fiton gjithmon\u00eb shteti, n\u00ebse n\u00eb p\u00ebrballjet mes \u201ct\u00eb fortit\u201d dhe t\u00eb \u201cdob\u00ebtit\u201d fiton gjithmon\u00eb i forti, at\u00ebher\u00eb pse na duhen gjykatat?<\/p>\n<p>Ata q\u00eb vendosin t\u00eb ikin nga ky vend, nuk ikin se k\u00ebtu nuk ka mund\u00ebsi, apo shpres\u00eb, ikin m\u00eb shum\u00eb nga bindja q\u00eb n\u00eb k\u00ebt\u00eb vend \u201cnuk gjen dot t\u00eb drejt\u00ebn\u201d.<\/p>\n<p>Drejt\u00ebsia nuk \u00ebsht\u00eb nj\u00eb koncept abstrakt, por tejet konkret, \u00ebsht\u00eb themeli i nj\u00eb shoq\u00ebrie t\u00eb lir\u00eb.<\/p>\n<p>Kur n\u00eb nj\u00eb \u00e7\u00ebshtje kaq t\u00eb thjesht\u00eb, gjykata mbyll syt\u00eb dhe arsyeton n\u00eb nj\u00eb m\u00ebnyr\u00eb q\u00eb do t\u00eb skuqte edhe Shvejkun, nuk na mbetet gj\u00eb tjet\u00ebr ve\u00e7se t\u00eb shpresojm\u00eb se do t\u00eb vij\u00eb nj\u00eb dit\u00eb q\u00eb gjykat\u00ebsi t\u00eb skuqet nga vendimet q\u00eb merr vet\u00eb.<\/p>\n<p>Forma m\u00eb e keqe e padrejt\u00ebsis\u00eb, thoshte Platoni, \u00ebsht\u00eb t\u00eb pretendosh se ke drejt\u00ebsi.<\/p>\n","protected":false},"excerpt":{"rendered":"<p>Nga\u00a0Lutfi DERVISHI Gjykata Administrative n\u00eb Tiran\u00eb nuk habiti ask\u00ebnd kur nuk pezulloi urdhrin arbitrar t\u00eb Ministris\u00eb s\u00eb Arsimit p\u00ebr t\u00eb mbyllur aktivitetin arsimor t\u00eb nj\u00eb kopshti privat. Arsyetimi: \u201cnuk provoni se u \u00ebsht\u00eb shkaktuar d\u00ebm\u201d. Nj\u00eb arsyetim i till\u00eb shkon p\u00ebrtej skenarist\u00ebve t\u00eb filmave horror. Shvejku do t\u00eb thoshte: \u201cedhe ky maskarall\u00ebk \u00ebsht\u00eb i domosdosh\u00ebm\u201d. &hellip;<\/p>\n","protected":false},"author":4,"featured_media":21097,"comment_status":"open","ping_status":"open","sticky":false,"template":"","format":"standard","meta":{"footnotes":""},"categories":[44],"tags":[],"class_list":["post-24425","post","type-post","status-publish","format-standard","has-post-thumbnail","","category-editorial"],"_links":{"self":[{"href":"https:\/\/rdnews.al\/index.php\/wp-json\/wp\/v2\/posts\/24425","targetHints":{"allow":["GET"]}}],"collection":[{"href":"https:\/\/rdnews.al\/index.php\/wp-json\/wp\/v2\/posts"}],"about":[{"href":"https:\/\/rdnews.al\/index.php\/wp-json\/wp\/v2\/types\/post"}],"author":[{"embeddable":true,"href":"https:\/\/rdnews.al\/index.php\/wp-json\/wp\/v2\/users\/4"}],"replies":[{"embeddable":true,"href":"https:\/\/rdnews.al\/index.php\/wp-json\/wp\/v2\/comments?post=24425"}],"version-history":[{"count":0,"href":"https:\/\/rdnews.al\/index.php\/wp-json\/wp\/v2\/posts\/24425\/revisions"}],"wp:featuredmedia":[{"embeddable":true,"href":"https:\/\/rdnews.al\/index.php\/wp-json\/wp\/v2\/media\/21097"}],"wp:attachment":[{"href":"https:\/\/rdnews.al\/index.php\/wp-json\/wp\/v2\/media?parent=24425"}],"wp:term":[{"taxonomy":"category","embeddable":true,"href":"https:\/\/rdnews.al\/index.php\/wp-json\/wp\/v2\/categories?post=24425"},{"taxonomy":"post_tag","embeddable":true,"href":"https:\/\/rdnews.al\/index.php\/wp-json\/wp\/v2\/tags?post=24425"}],"curies":[{"name":"wp","href":"https:\/\/api.w.org\/{rel}","templated":true}]}}