{"id":24576,"date":"2022-09-28T12:02:36","date_gmt":"2022-09-28T12:02:36","guid":{"rendered":"https:\/\/rdnews.al\/?p=24576"},"modified":"2022-09-28T12:02:36","modified_gmt":"2022-09-28T12:02:36","slug":"pd-dorezon-projektligjin-pastrim-per-te-gjithe-gjithe-ata-qe-ndertuan-nje-regjim-qe-i-dhunoi-dhe-masakroi-shqiptaret","status":"publish","type":"post","link":"https:\/\/rdnews.al\/index.php\/2022\/09\/28\/pd-dorezon-projektligjin-pastrim-per-te-gjithe-gjithe-ata-qe-ndertuan-nje-regjim-qe-i-dhunoi-dhe-masakroi-shqiptaret\/","title":{"rendered":"PD dor\u00ebzon projektligjin: Pastrim p\u00ebr t\u00eb gjith\u00eb gjith\u00eb ata q\u00eb nd\u00ebrtuan nj\u00eb regjim q\u00eb i dhunoi dhe masakroi shqiptar\u00ebt"},"content":{"rendered":"<p>N\u00ebnkryetari i Partis\u00eb Demokratike, Oerd Bylykbashki dhe deputetja Albana Vokshi kan\u00eb dor\u00ebzuar sot n\u00eb Kryesin\u00eb e Kuvendit projektligjin p\u00ebr lustracionin.<\/p>\n<p>Projektligji i hartuar nga selia blu parashikon hapjen e plot\u00eb t\u00eb dosjeve p\u00ebr \u00e7do qytetar q\u00eb e k\u00ebrkon, por edhe largimin nga jeta politike dhe institucioneve publike t\u00eb atyre q\u00eb kan\u00eb pasur lidhje me Partin\u00eb e Pun\u00ebs ose i kan\u00eb sh\u00ebrbyer ish-Sigurimit t\u00eb Shtetit.<\/p>\n<p>I pyetur se \u00e7far\u00eb parashikon ligji, Bylykbashi tha se \u201cPD si\u00e7 kishte premtuar n\u00eb koherenc\u00eb t\u00eb plot\u00eb me q\u00ebndrimet e saj n\u00eb 30 vitet e fundit ka dor\u00ebzuar ligjin q\u00eb parashikon lustracion p\u00ebr t\u00eb gjith\u00eb ata zyrtar\u00eb q\u00eb nd\u00ebrtuan nj\u00eb regjim q\u00eb i dhunoi dhe masakroi shqiptar\u00ebt p\u00ebr 50 vite\u201d.<\/p>\n<p>FJALA E BYLYKBASHIT:<\/p>\n<p>Ne e depozitojm\u00eb me q\u00ebllim q\u00eb funksionet drejtues  t\u00eb shtetit shqiptar dhe nj\u00eb seri institucionesh t\u00eb r\u00ebnd\u00ebsishme, drejtuesit e aparatit t\u00eb dhun\u00ebs n\u00eb Sigurimin e Shtetit, bashk\u00ebpun\u00ebtor\u00ebt e Sigurimit dhe drejtuesit e Partis\u00eb s\u00eb Pun\u00ebs t\u00eb mos ken\u00eb m\u00eb funksione n\u00eb politik\u00eb. Ky ligj i shkon deri n\u00eb fund problemit dhe bazohet te eksperienca e m\u00ebparshme dhe ligji i vitit 2008.<\/p>\n<p>Ne gjykojm\u00eb q\u00eb p\u00ebrputhshm\u00ebria \u00ebsht\u00eb e plot\u00eb, sepse \u00ebsht\u00eb e nj\u00ebjta baz\u00eb kushtetuese q\u00eb u p\u00ebrdor p\u00ebr t\u00eb larguar kriminel\u00ebt nga politika. Pra baza kushtetuese \u00ebsht\u00eb e re, \u00ebsht\u00eb nj\u00eb nen kushtetues dhe \u00ebsht\u00eb ligj q\u00eb do t\u00eb miratohet me 3\/5 dhe kemi marr\u00eb parasysh ndarjen e pushteteve dhe garancit\u00eb p\u00ebr k\u00ebto. Ajo q\u00eb \u00ebsht\u00eb m\u00eb e r\u00ebnd\u00ebsishme p\u00ebr t\u00eb gjith\u00eb shqiptar\u00ebt n\u00eb k\u00ebt\u00eb val\u00eb debati, \u00ebsht\u00eb se ne si\u00e7 e kishim premtuar vijm\u00eb me k\u00ebt\u00eb ligj q\u00eb garanton hapjen e plot\u00eb dosjeve, se \u00e7do qytetar mund ta shoh\u00eb dosjen e vet\u00eb.<\/p>\n","protected":false},"excerpt":{"rendered":"<p>N\u00ebnkryetari i Partis\u00eb Demokratike, Oerd Bylykbashki dhe deputetja Albana Vokshi kan\u00eb dor\u00ebzuar sot n\u00eb Kryesin\u00eb e Kuvendit projektligjin p\u00ebr lustracionin. Projektligji i hartuar nga selia blu parashikon hapjen e plot\u00eb t\u00eb dosjeve p\u00ebr \u00e7do qytetar q\u00eb e k\u00ebrkon, por edhe largimin nga jeta politike dhe institucioneve publike t\u00eb atyre q\u00eb kan\u00eb pasur lidhje me Partin\u00eb &hellip;<\/p>\n","protected":false},"author":5,"featured_media":24577,"comment_status":"open","ping_status":"open","sticky":false,"template":"","format":"standard","meta":{"footnotes":""},"categories":[37],"tags":[],"class_list":["post-24576","post","type-post","status-publish","format-standard","has-post-thumbnail","","category-politike"],"_links":{"self":[{"href":"https:\/\/rdnews.al\/index.php\/wp-json\/wp\/v2\/posts\/24576","targetHints":{"allow":["GET"]}}],"collection":[{"href":"https:\/\/rdnews.al\/index.php\/wp-json\/wp\/v2\/posts"}],"about":[{"href":"https:\/\/rdnews.al\/index.php\/wp-json\/wp\/v2\/types\/post"}],"author":[{"embeddable":true,"href":"https:\/\/rdnews.al\/index.php\/wp-json\/wp\/v2\/users\/5"}],"replies":[{"embeddable":true,"href":"https:\/\/rdnews.al\/index.php\/wp-json\/wp\/v2\/comments?post=24576"}],"version-history":[{"count":0,"href":"https:\/\/rdnews.al\/index.php\/wp-json\/wp\/v2\/posts\/24576\/revisions"}],"wp:featuredmedia":[{"embeddable":true,"href":"https:\/\/rdnews.al\/index.php\/wp-json\/wp\/v2\/media\/24577"}],"wp:attachment":[{"href":"https:\/\/rdnews.al\/index.php\/wp-json\/wp\/v2\/media?parent=24576"}],"wp:term":[{"taxonomy":"category","embeddable":true,"href":"https:\/\/rdnews.al\/index.php\/wp-json\/wp\/v2\/categories?post=24576"},{"taxonomy":"post_tag","embeddable":true,"href":"https:\/\/rdnews.al\/index.php\/wp-json\/wp\/v2\/tags?post=24576"}],"curies":[{"name":"wp","href":"https:\/\/api.w.org\/{rel}","templated":true}]}}