{"id":24580,"date":"2022-09-28T12:03:53","date_gmt":"2022-09-28T12:03:53","guid":{"rendered":"https:\/\/rdnews.al\/?p=24580"},"modified":"2022-09-28T12:03:53","modified_gmt":"2022-09-28T12:03:53","slug":"nuk-donte-te-shkonte-ne-luften-ne-ukraine-rusi-i-ve-flaken-vetes","status":"publish","type":"post","link":"https:\/\/rdnews.al\/index.php\/2022\/09\/28\/nuk-donte-te-shkonte-ne-luften-ne-ukraine-rusi-i-ve-flaken-vetes\/","title":{"rendered":"Nuk donte t\u00eb shkonte n\u00eb luft\u00ebn n\u00eb Ukrain\u00eb, rusi i v\u00eb flak\u00ebn vetes"},"content":{"rendered":"<p>Nj\u00eb video trondit\u00ebse tregon nj\u00eb burr\u00eb rus duke i ndezur vetes zjarrin p\u00ebr t\u00eb mos u rekrutuar n\u00eb luft\u00ebn e Ukrain\u00ebs. M\u00eb pak se nj\u00eb jav\u00eb pasi presidenti rus, Vladimir Putin njoftoi \u201cmobilizimin e pjessh\u00ebm\u201d t\u00eb deri n\u00eb 300 mij\u00eb rezervist\u00ebve, gazeta ruse e lajmeve YA62 ndau pamjet e nj\u00eb burri n\u00eb qytetin juglindor t\u00eb Ryazanit duke u mbuluar nga flak\u00ebt.<\/p>\n<p>\u201cN\u00eb stacionin e autobus\u00ebve n\u00eb Ryazan, nj\u00eb burr\u00eb i vuri flak\u00ebn vetes\u201d, thuhej n\u00eb postim, raporton nypost. \u201cAi b\u00ebrtiti se nuk d\u00ebshironte t\u00eb merrte pjes\u00eb n\u00eb nj\u00eb operacion special n\u00eb Ukrain\u00eb\u201d. Pas shuarjes s\u00eb flak\u00ebve, njeriu shihet duke u shoq\u00ebruar n\u00eb ambulanc\u00eb nga policia.<\/p>\n<p>Nj\u00eb d\u00ebshmitar okular i tha YA62 se ai shp\u00ebtoi me l\u00ebndime t\u00eb lehta, nd\u00ebrsa revista Novaya Gazeta shkruante se ai kishte djegie n\u00eb mbi 90 p\u00ebr qind t\u00eb trupit.<\/p>\n<p>P\u00ebrpjekja p\u00ebr vet\u00ebdjegie \u00ebsht\u00eb vet\u00ebm e fundit n\u00eb nj\u00eb seri protestash kund\u00ebr mobilizimit, teksa mij\u00ebra rus\u00eb tentojn\u00eb t\u00eb ikin n\u00eb vendet kufitare.<\/p>\n<p>Pushtimi brutal i Ukrain\u00ebs tani ka hyr\u00eb n\u00eb muajin e tet\u00eb \u2013 ku jan\u00eb shkaktuar mij\u00ebra viktima.<\/p>\n","protected":false},"excerpt":{"rendered":"<p>Nj\u00eb video trondit\u00ebse tregon nj\u00eb burr\u00eb rus duke i ndezur vetes zjarrin p\u00ebr t\u00eb mos u rekrutuar n\u00eb luft\u00ebn e Ukrain\u00ebs. M\u00eb pak se nj\u00eb jav\u00eb pasi presidenti rus, Vladimir Putin njoftoi \u201cmobilizimin e pjessh\u00ebm\u201d t\u00eb deri n\u00eb 300 mij\u00eb rezervist\u00ebve, gazeta ruse e lajmeve YA62 ndau pamjet e nj\u00eb burri n\u00eb qytetin juglindor t\u00eb &hellip;<\/p>\n","protected":false},"author":4,"featured_media":24581,"comment_status":"open","ping_status":"open","sticky":false,"template":"","format":"standard","meta":{"footnotes":""},"categories":[38],"tags":[],"class_list":["post-24580","post","type-post","status-publish","format-standard","has-post-thumbnail","","category-bota"],"_links":{"self":[{"href":"https:\/\/rdnews.al\/index.php\/wp-json\/wp\/v2\/posts\/24580","targetHints":{"allow":["GET"]}}],"collection":[{"href":"https:\/\/rdnews.al\/index.php\/wp-json\/wp\/v2\/posts"}],"about":[{"href":"https:\/\/rdnews.al\/index.php\/wp-json\/wp\/v2\/types\/post"}],"author":[{"embeddable":true,"href":"https:\/\/rdnews.al\/index.php\/wp-json\/wp\/v2\/users\/4"}],"replies":[{"embeddable":true,"href":"https:\/\/rdnews.al\/index.php\/wp-json\/wp\/v2\/comments?post=24580"}],"version-history":[{"count":0,"href":"https:\/\/rdnews.al\/index.php\/wp-json\/wp\/v2\/posts\/24580\/revisions"}],"wp:featuredmedia":[{"embeddable":true,"href":"https:\/\/rdnews.al\/index.php\/wp-json\/wp\/v2\/media\/24581"}],"wp:attachment":[{"href":"https:\/\/rdnews.al\/index.php\/wp-json\/wp\/v2\/media?parent=24580"}],"wp:term":[{"taxonomy":"category","embeddable":true,"href":"https:\/\/rdnews.al\/index.php\/wp-json\/wp\/v2\/categories?post=24580"},{"taxonomy":"post_tag","embeddable":true,"href":"https:\/\/rdnews.al\/index.php\/wp-json\/wp\/v2\/tags?post=24580"}],"curies":[{"name":"wp","href":"https:\/\/api.w.org\/{rel}","templated":true}]}}