{"id":2478,"date":"2022-01-16T16:42:54","date_gmt":"2022-01-16T16:42:54","guid":{"rendered":"http:\/\/rdnews.al\/?p=2478"},"modified":"2022-01-16T16:45:26","modified_gmt":"2022-01-16T16:45:26","slug":"shkodra-sot-i-dha-shuplaken-e-radhes-lulzim-braves","status":"publish","type":"post","link":"https:\/\/rdnews.al\/index.php\/2022\/01\/16\/shkodra-sot-i-dha-shuplaken-e-radhes-lulzim-braves\/","title":{"rendered":"Shkodra sot i dha shuplak\u00ebn e radh\u00ebs Lulzim Brav\u00ebs!"},"content":{"rendered":"<p><strong>Nga Imelda Aga Kraja\u00a0<\/strong><\/p>\n<p>Si bij, grua e n\u00ebn\u00eb ndihem me fat q\u00eb jam mes demokrat\u00ebve t\u00eb past\u00ebr t\u00eb qytetit tim, mes kontribuesve nd\u00ebr vite.<\/p>\n<p>Po kalojm\u00eb shum\u00eb sfida por po ja dalim p\u00ebr nj\u00eb revolucion paq\u00ebsor, p\u00ebr nj\u00eb opozit\u00eb t\u00eb fuqishme t\u00eb mundim Ram\u00ebn e Bash\u00ebn bashk\u00eb.<\/p>\n<p>11 Dhjetori sh\u00ebnoi historin\u00eb e partis\u00eb demokratike, i tregoi Lulzim Bash\u00ebs q\u00eb demokratet e vertet\u00eb nuk e duan.<\/p>\n<p>Lulzim Basha \u00ebsht\u00eb i shkarkuar.<\/p>\n<p>8 janari d\u00ebshmoj si kurr\u00eb m\u00eb par\u00eb para shqiptarve dhe komunitetit nd\u00ebrkomb\u00ebtar se n\u00eb Shqiperi shteti dhe bandat jan\u00eb nj\u00eb dhe vet\u00ebm nj\u00eb.<\/p>\n<p>Me 8 janar protestuesit paq\u00ebsor u sulmmuan, u helmuan, u dhunuan nga personi q\u00eb deri m\u00eb 25 prill luftuam e punuam q\u00eb t\u00eb jet\u00eb kryeministri i Shqip\u00ebris\u00eb, kryeministri im, kryeministri i femij\u00ebve tan\u00eb!<\/p>\n<p>Maska e Lul Brav\u00ebs ra!<\/p>\n<p><a href=\"https:\/\/www.facebook.com\/hashtag\/partiademokratike?__eep__=6&amp;__cft__%5b0%5d=AZVlLQ4JxPFJqt95EZnW0udeuUx-4nDnuujWw5OFWA33RH1wijVibdb6mA2gt3YO6Jnx_-AOQMJR0on0GxYWTOMRmCtSj--WAetxFue3_x0h89TamX5ChW4pzXeQwUsv4GI&amp;__tn__=*NK-R\" target=\"_blank\" rel=\"noopener\">#partiademokratike<\/a><\/p>\n<p><a href=\"https:\/\/www.facebook.com\/hashtag\/ldgsh?__eep__=6&amp;__cft__%5b0%5d=AZVlLQ4JxPFJqt95EZnW0udeuUx-4nDnuujWw5OFWA33RH1wijVibdb6mA2gt3YO6Jnx_-AOQMJR0on0GxYWTOMRmCtSj--WAetxFue3_x0h89TamX5ChW4pzXeQwUsv4GI&amp;__tn__=*NK-R\" target=\"_blank\" rel=\"noopener\">#LDGSh<\/a><\/p>\n<p><a href=\"https:\/\/www.facebook.com\/hashtag\/albanavokshi?__eep__=6&amp;__cft__%5b0%5d=AZVlLQ4JxPFJqt95EZnW0udeuUx-4nDnuujWw5OFWA33RH1wijVibdb6mA2gt3YO6Jnx_-AOQMJR0on0GxYWTOMRmCtSj--WAetxFue3_x0h89TamX5ChW4pzXeQwUsv4GI&amp;__tn__=*NK-R\" target=\"_blank\" rel=\"noopener\">#AlbanaVokshi<\/a><\/p>\n<p><a href=\"https:\/\/www.facebook.com\/hashtag\/saliberisha?__eep__=6&amp;__cft__%5b0%5d=AZVlLQ4JxPFJqt95EZnW0udeuUx-4nDnuujWw5OFWA33RH1wijVibdb6mA2gt3YO6Jnx_-AOQMJR0on0GxYWTOMRmCtSj--WAetxFue3_x0h89TamX5ChW4pzXeQwUsv4GI&amp;__tn__=*NK-R\" target=\"_blank\" rel=\"noopener\">#SaliBerisha<\/a><\/p>\n<p><img loading=\"lazy\" decoding=\"async\" class=\"alignnone size-medium wp-image-2457\" src=\"https:\/\/rdnews.al\/wp-content\/uploads\/2022\/01\/berisha1-300x200.jpg\" alt=\"\" width=\"300\" height=\"200\" srcset=\"https:\/\/rdnews.al\/wp-content\/uploads\/2022\/01\/berisha1-300x200.jpg 300w, https:\/\/rdnews.al\/wp-content\/uploads\/2022\/01\/berisha1-768x512.jpg 768w, https:\/\/rdnews.al\/wp-content\/uploads\/2022\/01\/berisha1.jpg 900w\" sizes=\"auto, (max-width: 300px) 100vw, 300px\" \/><\/p>\n<p><img loading=\"lazy\" decoding=\"async\" class=\"alignnone size-medium wp-image-2480\" src=\"https:\/\/rdnews.al\/wp-content\/uploads\/2022\/01\/1-18-300x225.jpg\" alt=\"\" width=\"300\" height=\"225\" srcset=\"https:\/\/rdnews.al\/wp-content\/uploads\/2022\/01\/1-18-300x225.jpg 300w, https:\/\/rdnews.al\/wp-content\/uploads\/2022\/01\/1-18-1024x768.jpg 1024w, https:\/\/rdnews.al\/wp-content\/uploads\/2022\/01\/1-18-768x576.jpg 768w, https:\/\/rdnews.al\/wp-content\/uploads\/2022\/01\/1-18-1536x1152.jpg 1536w, https:\/\/rdnews.al\/wp-content\/uploads\/2022\/01\/1-18.jpg 2048w\" sizes=\"auto, (max-width: 300px) 100vw, 300px\" \/><\/p>\n<p><img loading=\"lazy\" decoding=\"async\" class=\"alignnone size-medium wp-image-2481\" src=\"https:\/\/rdnews.al\/wp-content\/uploads\/2022\/01\/2-16-300x225.jpg\" alt=\"\" width=\"300\" height=\"225\" srcset=\"https:\/\/rdnews.al\/wp-content\/uploads\/2022\/01\/2-16-300x225.jpg 300w, https:\/\/rdnews.al\/wp-content\/uploads\/2022\/01\/2-16-1024x768.jpg 1024w, https:\/\/rdnews.al\/wp-content\/uploads\/2022\/01\/2-16-768x576.jpg 768w, https:\/\/rdnews.al\/wp-content\/uploads\/2022\/01\/2-16-1536x1152.jpg 1536w, https:\/\/rdnews.al\/wp-content\/uploads\/2022\/01\/2-16.jpg 2048w\" sizes=\"auto, (max-width: 300px) 100vw, 300px\" \/><\/p>\n","protected":false},"excerpt":{"rendered":"<p>Nga Imelda Aga Kraja\u00a0 Si bij, grua e n\u00ebn\u00eb ndihem me fat q\u00eb jam mes demokrat\u00ebve t\u00eb past\u00ebr t\u00eb qytetit tim, mes kontribuesve nd\u00ebr vite. Po kalojm\u00eb shum\u00eb sfida por po ja dalim p\u00ebr nj\u00eb revolucion paq\u00ebsor, p\u00ebr nj\u00eb opozit\u00eb t\u00eb fuqishme t\u00eb mundim Ram\u00ebn e Bash\u00ebn bashk\u00eb. 11 Dhjetori sh\u00ebnoi historin\u00eb e partis\u00eb demokratike, &hellip;<\/p>\n","protected":false},"author":4,"featured_media":2484,"comment_status":"open","ping_status":"open","sticky":false,"template":"","format":"standard","meta":{"footnotes":""},"categories":[44],"tags":[],"class_list":["post-2478","post","type-post","status-publish","format-standard","has-post-thumbnail","","category-editorial"],"_links":{"self":[{"href":"https:\/\/rdnews.al\/index.php\/wp-json\/wp\/v2\/posts\/2478","targetHints":{"allow":["GET"]}}],"collection":[{"href":"https:\/\/rdnews.al\/index.php\/wp-json\/wp\/v2\/posts"}],"about":[{"href":"https:\/\/rdnews.al\/index.php\/wp-json\/wp\/v2\/types\/post"}],"author":[{"embeddable":true,"href":"https:\/\/rdnews.al\/index.php\/wp-json\/wp\/v2\/users\/4"}],"replies":[{"embeddable":true,"href":"https:\/\/rdnews.al\/index.php\/wp-json\/wp\/v2\/comments?post=2478"}],"version-history":[{"count":0,"href":"https:\/\/rdnews.al\/index.php\/wp-json\/wp\/v2\/posts\/2478\/revisions"}],"wp:featuredmedia":[{"embeddable":true,"href":"https:\/\/rdnews.al\/index.php\/wp-json\/wp\/v2\/media\/2484"}],"wp:attachment":[{"href":"https:\/\/rdnews.al\/index.php\/wp-json\/wp\/v2\/media?parent=2478"}],"wp:term":[{"taxonomy":"category","embeddable":true,"href":"https:\/\/rdnews.al\/index.php\/wp-json\/wp\/v2\/categories?post=2478"},{"taxonomy":"post_tag","embeddable":true,"href":"https:\/\/rdnews.al\/index.php\/wp-json\/wp\/v2\/tags?post=2478"}],"curies":[{"name":"wp","href":"https:\/\/api.w.org\/{rel}","templated":true}]}}