{"id":24939,"date":"2022-10-03T10:18:26","date_gmt":"2022-10-03T10:18:26","guid":{"rendered":"https:\/\/rdnews.al\/?p=24939"},"modified":"2022-10-03T10:18:26","modified_gmt":"2022-10-03T10:18:26","slug":"berisha-shqiperia-vendi-me-i-rrezikshem-ne-europe-pas-dekonsipirimit-te-te-dhenave","status":"publish","type":"post","link":"https:\/\/rdnews.al\/index.php\/2022\/10\/03\/berisha-shqiperia-vendi-me-i-rrezikshem-ne-europe-pas-dekonsipirimit-te-te-dhenave\/","title":{"rendered":"Berisha: Shqip\u00ebria vendi m\u00eb i rreziksh\u00ebm n\u00eb Europ\u00eb pas dekonsipirimit t\u00eb t\u00eb dh\u00ebnave"},"content":{"rendered":"<p>Kryetari i Partis\u00eb Demokratike, Sali Berisha n\u00eb nj\u00eb dalje p\u00ebr mediat ka reaguar p\u00ebr sulmin ndaj sistemit MEMEX. Ai tha se hackerimi i jep mund\u00ebsi bandave kriminale q\u00eb t\u00eb marrin masa dhe q\u00eb delinkuent\u00ebt t\u00eb largohen nga vendi, duke i shp\u00ebtuar policis\u00eb.<\/p>\n<p>\u201cSi\u00e7 kisha denoncuar para jush vendosjen n\u00eb kontroll t\u00eb plot\u00eb nga krimi shtet\u00ebror i t\u00eb gjitha t\u00eb dh\u00ebnave t\u00eb k\u00ebtij vendi, me gjith\u00eb mohimet e pap\u00ebrgjegjshme t\u00eb kreut t\u00eb k\u00ebtij shteti q\u00eb funksionin si nj\u00eb shtet i mafies, njoftimi i m\u00ebparsh\u00ebm rezulton 100% i v\u00ebrtete. Sot nga sistemi MEMEX i cili p\u00ebrb\u00ebn kartotek\u00ebn e pun\u00ebs 30-vje\u00e7are t\u00eb Policis\u00eb s\u00eb Shtetit jan\u00eb publikuar 1005 mij\u00eb emra shqiptar\u00ebsh t\u00eb dyshuar, t\u00eb hetuar p\u00ebr krime t\u00eb ndryshme. Nga sistemi jan\u00eb ekspozua emra n\u00eb m\u00ebmyr\u00eb q\u00eb t\u00eb paralajm\u00ebrohen t\u00eb gjith\u00eb ata t\u00eb cil\u00ebt jan\u00eb v\u00ebzhgim, n\u00eb hetim, jan\u00eb n\u00eb shqyrtim p\u00ebr aktivitete t\u00eb ndryshme kriminale. \u00cbsht\u00eb ky nj\u00eb moment jasht\u00ebzakonisht kritik p\u00ebr vendin q\u00eb d\u00ebshmon se ccdo gj\u00eb n\u00eb k\u00ebt\u00eb shtet t\u00eb mafies ndodhet n\u00eb duar t\u00eb krimit. \u00cbsht\u00eb momenti ku Shqip\u00ebria b\u00ebhet vendi m\u00eb i rreziksh\u00ebm n\u00eb Ballkan dhe Europa pasi paralajm\u00ebron k\u00ebshtu kontingjentet e delinkuenteve t\u00eb saj se jan\u00eb n\u00eb ndjekje, e mbik\u00ebqyrje policore dhe se duhet t\u00eb largohen.\u201d, tha Berisha.<\/p>\n","protected":false},"excerpt":{"rendered":"<p>Kryetari i Partis\u00eb Demokratike, Sali Berisha n\u00eb nj\u00eb dalje p\u00ebr mediat ka reaguar p\u00ebr sulmin ndaj sistemit MEMEX. Ai tha se hackerimi i jep mund\u00ebsi bandave kriminale q\u00eb t\u00eb marrin masa dhe q\u00eb delinkuent\u00ebt t\u00eb largohen nga vendi, duke i shp\u00ebtuar policis\u00eb. \u201cSi\u00e7 kisha denoncuar para jush vendosjen n\u00eb kontroll t\u00eb plot\u00eb nga krimi shtet\u00ebror &hellip;<\/p>\n","protected":false},"author":5,"featured_media":24312,"comment_status":"open","ping_status":"open","sticky":false,"template":"","format":"standard","meta":{"footnotes":""},"categories":[37],"tags":[],"class_list":["post-24939","post","type-post","status-publish","format-standard","has-post-thumbnail","","category-politike"],"_links":{"self":[{"href":"https:\/\/rdnews.al\/index.php\/wp-json\/wp\/v2\/posts\/24939","targetHints":{"allow":["GET"]}}],"collection":[{"href":"https:\/\/rdnews.al\/index.php\/wp-json\/wp\/v2\/posts"}],"about":[{"href":"https:\/\/rdnews.al\/index.php\/wp-json\/wp\/v2\/types\/post"}],"author":[{"embeddable":true,"href":"https:\/\/rdnews.al\/index.php\/wp-json\/wp\/v2\/users\/5"}],"replies":[{"embeddable":true,"href":"https:\/\/rdnews.al\/index.php\/wp-json\/wp\/v2\/comments?post=24939"}],"version-history":[{"count":0,"href":"https:\/\/rdnews.al\/index.php\/wp-json\/wp\/v2\/posts\/24939\/revisions"}],"wp:featuredmedia":[{"embeddable":true,"href":"https:\/\/rdnews.al\/index.php\/wp-json\/wp\/v2\/media\/24312"}],"wp:attachment":[{"href":"https:\/\/rdnews.al\/index.php\/wp-json\/wp\/v2\/media?parent=24939"}],"wp:term":[{"taxonomy":"category","embeddable":true,"href":"https:\/\/rdnews.al\/index.php\/wp-json\/wp\/v2\/categories?post=24939"},{"taxonomy":"post_tag","embeddable":true,"href":"https:\/\/rdnews.al\/index.php\/wp-json\/wp\/v2\/tags?post=24939"}],"curies":[{"name":"wp","href":"https:\/\/api.w.org\/{rel}","templated":true}]}}