{"id":25087,"date":"2022-10-04T09:09:45","date_gmt":"2022-10-04T09:09:45","guid":{"rendered":"https:\/\/rdnews.al\/?p=25087"},"modified":"2022-10-04T09:09:45","modified_gmt":"2022-10-04T09:09:45","slug":"meta-ky-regjim-mafioz-shporret-permes-protestave-e-zgjedhjeve-basha-i-kapur","status":"publish","type":"post","link":"https:\/\/rdnews.al\/index.php\/2022\/10\/04\/meta-ky-regjim-mafioz-shporret-permes-protestave-e-zgjedhjeve-basha-i-kapur\/","title":{"rendered":"Meta: Ky regjim mafioz shporret p\u00ebrmes protestave e zgjedhjeve, Basha i kapur\u2026"},"content":{"rendered":"<p>Kreu i Partis\u00eb s\u00eb Liris\u00eb. Ilir Meta tha se, opozita \u00ebsht\u00eb n\u00eb nj\u00eb kurb\u00eb ngrit\u00ebse, por koordinimi duhet t\u00eb vijoj\u00eb theksoi ai pasi \u201cjemi p\u00ebrball\u00eb nj\u00eb regjimi mafioz\u201d.<\/p>\n<p>Meta n\u00eb nj\u00eb intervist\u00eb p\u00ebr Shijak tv tha se, ish kreu i PD, Lulzim Basha \u00ebsht\u00eb \u201cnj\u00eb g\u00ebnjeshtar i lindur. Teksa theksoi se qeveria e Ram\u00ebs \u201cdo shporret vet\u00ebm p\u00ebrmes protestave e zgjedhjeve\u201d.<\/p>\n<p>Ilir Meta:\u00a0Opozita momentin e saj m\u00eb t\u00eb err\u00ebt e pati 25-26 prillin. Rezultat i paracaktuar i mir\u00ebkoordinuar, inxhinierik i p\u00ebrcaktuar mes Ram\u00ebs e Bash\u00ebs,\u00a0i mir\u00ebkoordinuar dhe prej dy kompanive t\u00eb ndryshme q\u00eb kishin lidhje me nj\u00ebra tjetr\u00ebn.<\/p>\n<p>Edhe lista e deputet\u00ebve ishte e b\u00ebr p\u00ebr t\u00eb vijuar e justifikuar ndarjen e pushteteve me Ram\u00ebn pas zgjedhjeve e pas eleminimit t\u00eb Berish\u00ebs q\u00eb ishte dhe kjo e planifikuar si ishte planifikuar shkarimi i Met\u00ebs p\u00ebr shkelje t\u00eb kushtetut\u00ebs e p\u00ebrralla kishin plan t\u00eb qart\u00eb p\u00ebr ekzekutimin e pluralizmit<\/p>\n<p>Q\u00eb at\u00ebher\u00eb opozita \u00ebsht\u00eb n\u00eb nj\u00eb kurb\u00eb ngrit\u00ebse por shpejt\u00ebsia e k\u00ebsaj ngritje e koordinimi i opozit\u00ebs duhet t\u00eb rritet akoma m\u00eb shum\u00eb se jemi n\u00eb kushtet e nj\u00eb regjimi mafioz n\u00eb kuptimin m\u00eb t\u00eb drejtp\u00ebrdrejt\u00eb t\u00eb k\u00ebsaj fjale, bazohet mbi shkeljen e Kushtetut\u00ebs, falsifikimeet e kapjen e ligjit.<\/p>\n<p>Shikoni cmimin e energjis\u00eb, qeveria ia con ERE-s, \u00ebsht\u00eb institucion i pavarur, dhe pagat i kan\u00eb dyfish sa ministrat. ERE thjesht aprovon vendimet e parregullta t\u00eb KESH e pasi e shpall del prap mbi ERE duke treguar q\u00eb k\u00ebtu ka r\u00ebn\u00eb shteti i s\u00eb drejt\u00eb.<\/p>\n<p>Jan\u00eb kaq bandit\u00eb sa n\u00eb Gjykaten Kushtetuese k\u00ebta falsifikuan firm\u00ebn e ish kreut t\u00eb Kuvendit e gjoja cuan n\u00eb seanc\u00ebn e fundit nj\u00eb prov\u00eb t\u00eb re kund\u00ebr meje si President ku ne e kap\u00ebm q\u00eb ishte falsifikim i prov\u00ebs.<\/p>\n<p>Ky regjim mafioz do shporret vet\u00ebm p\u00ebrmes protestave e zgjedhjeve, e ngritjes s\u00eb opozit\u00ebs n\u00eb nj\u00eb nivel t\u00eb ri.\u00a0Lulzim Basha nj\u00eb g\u00ebnjeshtar i lindur dhe i kapur, LSI nuk i d\u00ebgjoi paralajm\u00ebrimet e mia.<\/p>\n","protected":false},"excerpt":{"rendered":"<p>Kreu i Partis\u00eb s\u00eb Liris\u00eb. Ilir Meta tha se, opozita \u00ebsht\u00eb n\u00eb nj\u00eb kurb\u00eb ngrit\u00ebse, por koordinimi duhet t\u00eb vijoj\u00eb theksoi ai pasi \u201cjemi p\u00ebrball\u00eb nj\u00eb regjimi mafioz\u201d. Meta n\u00eb nj\u00eb intervist\u00eb p\u00ebr Shijak tv tha se, ish kreu i PD, Lulzim Basha \u00ebsht\u00eb \u201cnj\u00eb g\u00ebnjeshtar i lindur. Teksa theksoi se qeveria e Ram\u00ebs \u201cdo &hellip;<\/p>\n","protected":false},"author":4,"featured_media":19357,"comment_status":"open","ping_status":"open","sticky":false,"template":"","format":"standard","meta":{"footnotes":""},"categories":[37],"tags":[],"class_list":["post-25087","post","type-post","status-publish","format-standard","has-post-thumbnail","","category-politike"],"_links":{"self":[{"href":"https:\/\/rdnews.al\/index.php\/wp-json\/wp\/v2\/posts\/25087","targetHints":{"allow":["GET"]}}],"collection":[{"href":"https:\/\/rdnews.al\/index.php\/wp-json\/wp\/v2\/posts"}],"about":[{"href":"https:\/\/rdnews.al\/index.php\/wp-json\/wp\/v2\/types\/post"}],"author":[{"embeddable":true,"href":"https:\/\/rdnews.al\/index.php\/wp-json\/wp\/v2\/users\/4"}],"replies":[{"embeddable":true,"href":"https:\/\/rdnews.al\/index.php\/wp-json\/wp\/v2\/comments?post=25087"}],"version-history":[{"count":0,"href":"https:\/\/rdnews.al\/index.php\/wp-json\/wp\/v2\/posts\/25087\/revisions"}],"wp:featuredmedia":[{"embeddable":true,"href":"https:\/\/rdnews.al\/index.php\/wp-json\/wp\/v2\/media\/19357"}],"wp:attachment":[{"href":"https:\/\/rdnews.al\/index.php\/wp-json\/wp\/v2\/media?parent=25087"}],"wp:term":[{"taxonomy":"category","embeddable":true,"href":"https:\/\/rdnews.al\/index.php\/wp-json\/wp\/v2\/categories?post=25087"},{"taxonomy":"post_tag","embeddable":true,"href":"https:\/\/rdnews.al\/index.php\/wp-json\/wp\/v2\/tags?post=25087"}],"curies":[{"name":"wp","href":"https:\/\/api.w.org\/{rel}","templated":true}]}}