{"id":25232,"date":"2022-10-05T12:08:32","date_gmt":"2022-10-05T12:08:32","guid":{"rendered":"https:\/\/rdnews.al\/?p=25232"},"modified":"2022-10-05T12:08:32","modified_gmt":"2022-10-05T12:08:32","slug":"reforma-territoriale-berisha-te-ulemi-me-te-gjithe-deputetet-e-pd-dhe-partite-aleate","status":"publish","type":"post","link":"https:\/\/rdnews.al\/index.php\/2022\/10\/05\/reforma-territoriale-berisha-te-ulemi-me-te-gjithe-deputetet-e-pd-dhe-partite-aleate\/","title":{"rendered":"Reforma territoriale\/ Berisha: T\u00eb ulemi me t\u00eb gjith\u00eb deputet\u00ebt e PD dhe partit\u00eb aleate"},"content":{"rendered":"<p>Kryetari i PD, Sali Berisha, b\u00ebri thirrje q\u00eb propozimet p\u00ebr reform\u00ebn territoriale t\u00eb diskutohen me t\u00eb gjith\u00eb deputet\u00ebt e PD-s\u00eb dhe me partit\u00eb aleate.<\/p>\n<p>\u201cN\u00eb pun\u00ebn p\u00ebr reform\u00ebn territoriale jan\u00eb mbajtur parasysh ndryshimet e thella q\u00eb ka p\u00ebsuar vendi k\u00ebto vite. Por jan\u00eb marr\u00eb p\u00ebr baz\u00eb, dy projekte serioze t\u00eb specialist\u00ebve shqiptar\u00eb dhe t\u00eb huaj, t\u00eb sponsorizuar nga qeveria e Zvicr\u00ebs.<\/p>\n<p>Sot d\u00ebgjoj q\u00eb nj\u00eb grup deputet\u00ebsh t\u00eb po k\u00ebsaj partie, n\u00eb m\u00ebnyr\u00eb t\u00eb pavarur, kan\u00eb dor\u00ebzuar nj\u00eb draft me 94 bashki.<\/p>\n<p>Un\u00eb mendoj se ky draft i dor\u00ebzuar dhe ky q\u00eb \u00ebsht\u00eb p\u00ebrgatitur dhe \u00ebsht\u00eb m\u00eb i thelluar n\u00eb \u00e7do aspekt, t\u00eb ulemi bashk\u00ebrisht dhe t\u00eb arrihet n\u00eb nj\u00eb draft t\u00eb PD-s\u00eb, q\u00eb t\u00eb p\u00ebrfaq\u00ebsoj\u00eb interesat m\u00eb t\u00eb mira t\u00eb qytetar\u00ebve shqiptar\u00eb.<\/p>\n<p>Pra, nuk ka asnj\u00eb gj\u00eb, edhe nj\u00eb deputet i vet\u00ebm mund t\u00eb mb\u00ebshtes\u00eb ligj, projekt apo reform\u00eb, k\u00ebshtu q\u00eb ulja me ta n\u00eb komisione dhe jasht\u00eb komisioneve, dhe gjetja e nj\u00eb ujdie p\u00ebr nj\u00eb projekt q\u00eb ta mb\u00ebshtesin t\u00eb gjith\u00eb deputet\u00ebt e opozit\u00ebs, duhet t\u00eb diskutohet edhe me partit\u00eb aleate n\u00eb parlament, duhet t\u00eb diskutohet me Partin\u00eb e Liris\u00eb, duhet t\u00eb diskutohet me t\u00eb gjitha partit\u00eb opozitare.<\/p>\n<p>Natyrisht, ne kurr\u00eb nuk b\u00ebhemi pjes\u00eb e nj\u00eb loje t\u00eb qeveris\u00eb dhe as t\u00eb pazareve me t\u00eb. Ne e kemi publik projektin. Projekti shpreh interesat m\u00eb t\u00eb mira.<\/p>\n<p>Nuk besoj se Edi Rama \u00ebsht\u00eb serioz n\u00eb \u00e7\u00ebshtjen e reform\u00ebs. Nuk ndodh. G\u00ebnjen. Pavar\u00ebsisht nga kjo, ishte n\u00eb detyrimin ton\u00eb q\u00eb t\u00eb paraqesim nj\u00eb projekt m\u00eb t\u00eb mirin\u201d,\u00a0tha Berisha.<\/p>\n","protected":false},"excerpt":{"rendered":"<p>Kryetari i PD, Sali Berisha, b\u00ebri thirrje q\u00eb propozimet p\u00ebr reform\u00ebn territoriale t\u00eb diskutohen me t\u00eb gjith\u00eb deputet\u00ebt e PD-s\u00eb dhe me partit\u00eb aleate. \u201cN\u00eb pun\u00ebn p\u00ebr reform\u00ebn territoriale jan\u00eb mbajtur parasysh ndryshimet e thella q\u00eb ka p\u00ebsuar vendi k\u00ebto vite. Por jan\u00eb marr\u00eb p\u00ebr baz\u00eb, dy projekte serioze t\u00eb specialist\u00ebve shqiptar\u00eb dhe t\u00eb huaj, &hellip;<\/p>\n","protected":false},"author":4,"featured_media":24127,"comment_status":"open","ping_status":"open","sticky":false,"template":"","format":"standard","meta":{"footnotes":""},"categories":[37],"tags":[],"class_list":["post-25232","post","type-post","status-publish","format-standard","has-post-thumbnail","","category-politike"],"_links":{"self":[{"href":"https:\/\/rdnews.al\/index.php\/wp-json\/wp\/v2\/posts\/25232","targetHints":{"allow":["GET"]}}],"collection":[{"href":"https:\/\/rdnews.al\/index.php\/wp-json\/wp\/v2\/posts"}],"about":[{"href":"https:\/\/rdnews.al\/index.php\/wp-json\/wp\/v2\/types\/post"}],"author":[{"embeddable":true,"href":"https:\/\/rdnews.al\/index.php\/wp-json\/wp\/v2\/users\/4"}],"replies":[{"embeddable":true,"href":"https:\/\/rdnews.al\/index.php\/wp-json\/wp\/v2\/comments?post=25232"}],"version-history":[{"count":0,"href":"https:\/\/rdnews.al\/index.php\/wp-json\/wp\/v2\/posts\/25232\/revisions"}],"wp:featuredmedia":[{"embeddable":true,"href":"https:\/\/rdnews.al\/index.php\/wp-json\/wp\/v2\/media\/24127"}],"wp:attachment":[{"href":"https:\/\/rdnews.al\/index.php\/wp-json\/wp\/v2\/media?parent=25232"}],"wp:term":[{"taxonomy":"category","embeddable":true,"href":"https:\/\/rdnews.al\/index.php\/wp-json\/wp\/v2\/categories?post=25232"},{"taxonomy":"post_tag","embeddable":true,"href":"https:\/\/rdnews.al\/index.php\/wp-json\/wp\/v2\/tags?post=25232"}],"curies":[{"name":"wp","href":"https:\/\/api.w.org\/{rel}","templated":true}]}}