{"id":25330,"date":"2022-10-06T11:43:09","date_gmt":"2022-10-06T11:43:09","guid":{"rendered":"https:\/\/rdnews.al\/?p=25330"},"modified":"2022-10-06T12:01:30","modified_gmt":"2022-10-06T12:01:30","slug":"berisha-opozita-ne-zgjedhje-me-kandidate-te-perbashket-do-shkojme-si-front","status":"publish","type":"post","link":"https:\/\/rdnews.al\/index.php\/2022\/10\/06\/berisha-opozita-ne-zgjedhje-me-kandidate-te-perbashket-do-shkojme-si-front\/","title":{"rendered":"Opozita n\u00eb zgjedhje me kandidat\u00eb t\u00eb p\u00ebrbashk\u00ebt, Berisha: Po ecet drejt k\u00ebsaj rruge"},"content":{"rendered":"<p>Kryetari i Partis\u00eb Demokratike, Sali Berisha konfirmoi sot negociatat me grupin e Alibeajt p\u00ebr t\u00eb dal\u00eb me nj\u00eb kandidat t\u00eb p\u00ebrbashk\u00ebt n\u00eb zgjedhjet lokale.<\/p>\n<p>Deklarat\u00ebn ai e b\u00ebri sot p\u00ebr gazetar\u00ebt teksa futej n\u00eb Parlament.<\/p>\n<p>\u201cKam takuar zotin Ilir Meta dhe Petrit Vasili. Kam takuar edhe kryetar\u00ebt e partive opozitare, zotin Mediu, Dule, Duka dhe Dashamir Shehi.<br \/>\nKonstatoj q\u00eb realisht po ecet drejt nj\u00eb kandidati t\u00eb vet\u00ebm. Un\u00eb fal\u00ebnderoj t\u00eb gjith\u00eb bashk\u00ebbiseduesit, t\u00eb gjith\u00eb aleat\u00ebt p\u00ebr q\u00ebllimet e tyre pozitive q\u00eb opozita t\u00eb paraqitet n\u00eb k\u00ebto zgjedhje me nj\u00eb kandidat t\u00eb vet\u00ebm. Nd\u00ebrkoh\u00eb gjat\u00eb dit\u00ebve n\u00eb vijim, do takoj t\u00eb gjith\u00eb forcat politike q\u00eb kan\u00eb pasur aktivitet elektoral, por q\u00eb nuk jan\u00eb n\u00eb parlament. Edhe me ata do p\u00ebrpiqem t\u00eb gjej nj\u00eb zgjidhje q\u00eb t\u00eb shkohet me nj\u00eb front t\u00eb p\u00ebrbashk\u00ebt. \u00c7do deputet \u00ebsht\u00eb i ftuar t\u00eb kandidoj\u00eb po t\u00eb doj\u00eb, dhe t\u00eb inkurajoj\u00eb t\u00eb tjer\u00eb t\u00eb kandidoj\u00eb\u201d, tha Berisha.<\/p>\n<p>Sipas tij \u201cJu garantoj se kryesia, p\u00ebrve\u00e7 rasteve t\u00eb jasht\u00ebzakonshme, nuk do b\u00ebj\u00eb p\u00ebrzgjedhje eliminuese, por do jen\u00eb primaret. Ne kemi premtuar ndryshimin, ne do sjellim ndryshimin. Do jen\u00eb primaret q\u00eb do vendosin, jo kryesia dhe kryetari. \u00c7do deputet q\u00eb d\u00ebshiron t\u00eb kandidoj\u00eb, \u00ebsht\u00eb i ftuar t\u00eb kandidoj\u00eb. Jan\u00eb b\u00ebr\u00eb takime dhe do b\u00ebhen takime. Zoti Paloka po merret intensivisht me k\u00ebt\u00eb. Por jo vet\u00ebm ai. Jan\u00eb t\u00eb hapura t\u00eb gjitha dyert e komunikimit. Kjo ftesa ime publike \u00ebsht\u00eb rasti i fundit. Ne mir\u00ebpresim \u00e7do lloj sugjerimi. \u2026Nuk \u00ebsht\u00eb kjo nj\u00eb gar\u00eb q\u00eb e trajton lidershipi i PD. Kjo \u00ebsht\u00eb nj\u00eb gar\u00eb q\u00eb e p\u00ebrcaktojn\u00eb primaret\u201d.<\/p>\n<p>Do flisni edhe me deputet\u00ebt e tjer\u00eb?<\/p>\n<p>Cdo deputet \u00ebsht\u00eb i ftuar t\u00eb kandidoj\u00eb po t\u00eb doj\u00eb dhe t\u00eb inkurajoj\u00eb t\u00eb tjer\u00eb q\u00eb t\u00eb kandidojn\u00eb. Formalisht kryesia do ti shqyrtoj\u00eb, por u garantoj se kryesia p\u00ebrve\u00e7 rasteve m\u00eb t\u00eb jasht\u00ebzakonshme nuk do t\u00eb b\u00ebj\u00eb p\u00ebrzgjedhje eleminuese. Do t\u00eb jen\u00eb primaret, ne kemi premtuar ndryshimin dhe do sjellim ndryshimin. Do jen\u00eb primaret q\u00eb do p\u00ebrcaktojn\u00eb kandidatin. Cdo deputet q\u00eb do t\u00eb kandidoj\u00eb \u00ebsht\u00eb i ftuar t\u00eb kandidoj\u00eb.<\/p>\n<p>Nuk do b\u00ebni asnj\u00eb p\u00ebrpjekje tjet\u00ebr p\u00ebr t\u00eb afruar Alibeajn?<\/p>\n<p>Jan\u00eb b\u00ebr\u00eb edhe takime. Zoti Paloka po merret intensivisht me k\u00ebt\u00eb. Jan\u00eb t\u00eb hapura t\u00eb gjitha dyert e komunikimit. Ftesa ime publike \u00ebsht\u00eb rasti i fundit. N\u00ebse duan p\u00ebrmes nj\u00eb marr\u00ebveshje, ne presim \u00e7do sugjerim.<\/p>\n<p>Jeni t\u00eb vonuar?<\/p>\n<p>Ne duhet t\u00eb shpejtojm\u00eb n\u00eb gar\u00eb. Nuk \u00ebsht\u00eb gar\u00eb q\u00eb e drejton lidershipi i PD, \u00ebsht\u00eb nj\u00eb gar\u00eb q\u00eb e p\u00ebrcaktojn\u00eb primaret. Partive aleate u kam k\u00ebrkuar t\u00eb b\u00ebjn\u00eb listat dhe t\u00eb votojn\u00eb edhe ata n\u00eb primare.<\/p>\n<p>Po n\u00ebse nuk u bashkohen deputet\u00ebt e Alibeajt?<\/p>\n<p>Gjersa gjith\u00e7ka \u00ebsht\u00eb e hapur nuk shoh arsye q\u00eb t\u00eb mos bashkohen n\u00eb proces. T\u00eb gjith\u00eb mund t\u00eb vijn\u00eb, p\u00ebrve\u00e7 nj\u00ebrit. Ai \u00ebsht\u00eb nj\u00ebri, \u00ebsht\u00eb i izoluar.<\/p>\n<p>Basha vijon takimet nga veriu n\u00eb jug\u2026<\/p>\n<p>Se \u00e7far\u00eb thot\u00eb Alibeaj \u00ebsht\u00eb tjet\u00ebr pun\u00eb. Nuk \u00ebsht\u00eb shum\u00eb e p\u00ebrshtatshme t\u00eb b\u00ebhet z\u00ebdh\u00ebn\u00ebs i tij (Bash\u00ebs).<\/p>\n","protected":false},"excerpt":{"rendered":"<p>Kryetari i Partis\u00eb Demokratike, Sali Berisha konfirmoi sot negociatat me grupin e Alibeajt p\u00ebr t\u00eb dal\u00eb me nj\u00eb kandidat t\u00eb p\u00ebrbashk\u00ebt n\u00eb zgjedhjet lokale. Deklarat\u00ebn ai e b\u00ebri sot p\u00ebr gazetar\u00ebt teksa futej n\u00eb Parlament. \u201cKam takuar zotin Ilir Meta dhe Petrit Vasili. Kam takuar edhe kryetar\u00ebt e partive opozitare, zotin Mediu, Dule, Duka dhe &hellip;<\/p>\n","protected":false},"author":5,"featured_media":25335,"comment_status":"open","ping_status":"open","sticky":false,"template":"","format":"standard","meta":{"footnotes":""},"categories":[37],"tags":[],"class_list":["post-25330","post","type-post","status-publish","format-standard","has-post-thumbnail","","category-politike"],"_links":{"self":[{"href":"https:\/\/rdnews.al\/index.php\/wp-json\/wp\/v2\/posts\/25330","targetHints":{"allow":["GET"]}}],"collection":[{"href":"https:\/\/rdnews.al\/index.php\/wp-json\/wp\/v2\/posts"}],"about":[{"href":"https:\/\/rdnews.al\/index.php\/wp-json\/wp\/v2\/types\/post"}],"author":[{"embeddable":true,"href":"https:\/\/rdnews.al\/index.php\/wp-json\/wp\/v2\/users\/5"}],"replies":[{"embeddable":true,"href":"https:\/\/rdnews.al\/index.php\/wp-json\/wp\/v2\/comments?post=25330"}],"version-history":[{"count":0,"href":"https:\/\/rdnews.al\/index.php\/wp-json\/wp\/v2\/posts\/25330\/revisions"}],"wp:featuredmedia":[{"embeddable":true,"href":"https:\/\/rdnews.al\/index.php\/wp-json\/wp\/v2\/media\/25335"}],"wp:attachment":[{"href":"https:\/\/rdnews.al\/index.php\/wp-json\/wp\/v2\/media?parent=25330"}],"wp:term":[{"taxonomy":"category","embeddable":true,"href":"https:\/\/rdnews.al\/index.php\/wp-json\/wp\/v2\/categories?post=25330"},{"taxonomy":"post_tag","embeddable":true,"href":"https:\/\/rdnews.al\/index.php\/wp-json\/wp\/v2\/tags?post=25330"}],"curies":[{"name":"wp","href":"https:\/\/api.w.org\/{rel}","templated":true}]}}