{"id":25347,"date":"2022-10-06T12:04:45","date_gmt":"2022-10-06T12:04:45","guid":{"rendered":"https:\/\/rdnews.al\/?p=25347"},"modified":"2022-10-06T12:05:26","modified_gmt":"2022-10-06T12:05:26","slug":"vendimi-i-gjykateses-mercenare-politike-i-pashembullt-ne-historine-e-jurisprudences-nen-diktatin-e-edi-rames","status":"publish","type":"post","link":"https:\/\/rdnews.al\/index.php\/2022\/10\/06\/vendimi-i-gjykateses-mercenare-politike-i-pashembullt-ne-historine-e-jurisprudences-nen-diktatin-e-edi-rames\/","title":{"rendered":"Vendimi i gjykat\u00ebses mercenare politike, i pashembullt n\u00eb historin\u00eb e jurisprudenc\u00ebs. N\u00ebn diktatin e Edi Ram\u00ebs"},"content":{"rendered":"<p><strong>\u2022 Berisha: Vendimi i gjykat\u00ebses, mercenares politike, \u00ebsht\u00eb i pashembullt n\u00eb historin\u00eb e jurisprudenc\u00ebs. N\u00ebn diktatin e plot\u00eb t\u00eb Edi Ram\u00ebs. Yuri Kim b\u00ebri nd\u00ebrhyrje direkte tek Erjon Veliaj, nuk e mohoi nd\u00ebrhyrjen e saj, u tregua e sinqert\u00eb<\/strong><\/p>\n<p>&#8220;Deputet\u00ebt e Alibeaj nuk jan\u00eb pal\u00eb, Alibeaj nuk \u00ebsht\u00eb pal\u00eb, dhe padia \u00ebsht\u00eb apsolutisht e paligjshme.<\/p>\n<p>Vendimi i gjykat\u00ebses, do t\u2019i thoja mercenare politike, \u00ebsht\u00eb i pashembullt n\u00eb historin\u00eb e jurisprudenc\u00ebs shqiptare, europiane dhe bot\u00ebrore, \u00ebsht\u00eb n\u00ebn diktatin e plot\u00eb t\u00eb Edi Ram\u00ebs.<\/p>\n<p>Por si\u00e7 e dini, un\u00eb e kam th\u00ebn\u00eb dhe e them, dhe t\u00eb guvernatores Yuri Kim e cila shkoi te Erjon Veliaj, b\u00ebri nd\u00ebrhyrje direkte, nuk e mohoi nd\u00ebrhyrjen e saj.<\/p>\n<p>P\u00ebr at\u00eb b\u00ebri mir\u00eb q\u00eb u tregua e sinqert\u00eb por kreu nj\u00eb akt t\u00eb paimagjinuesh\u00ebm, nj\u00eb shkelje flagrante t\u00eb Konvent\u00ebs s\u00eb Vien\u00ebs, t\u00eb rregullave dhe t\u00eb \u00e7do lloj kodi t\u00eb sjelljes s\u00eb nj\u00eb ambasadori n\u00eb nj\u00eb vend t\u00eb pavarur&#8221;, u shpreh Berisha.<\/p>\n","protected":false},"excerpt":{"rendered":"<p>\u2022 Berisha: Vendimi i gjykat\u00ebses, mercenares politike, \u00ebsht\u00eb i pashembullt n\u00eb historin\u00eb e jurisprudenc\u00ebs. N\u00ebn diktatin e plot\u00eb t\u00eb Edi Ram\u00ebs. Yuri Kim b\u00ebri nd\u00ebrhyrje direkte tek Erjon Veliaj, nuk e mohoi nd\u00ebrhyrjen e saj, u tregua e sinqert\u00eb &#8220;Deputet\u00ebt e Alibeaj nuk jan\u00eb pal\u00eb, Alibeaj nuk \u00ebsht\u00eb pal\u00eb, dhe padia \u00ebsht\u00eb apsolutisht e paligjshme. &hellip;<\/p>\n","protected":false},"author":4,"featured_media":25348,"comment_status":"open","ping_status":"open","sticky":false,"template":"","format":"standard","meta":{"footnotes":""},"categories":[37],"tags":[],"class_list":["post-25347","post","type-post","status-publish","format-standard","has-post-thumbnail","","category-politike"],"_links":{"self":[{"href":"https:\/\/rdnews.al\/index.php\/wp-json\/wp\/v2\/posts\/25347","targetHints":{"allow":["GET"]}}],"collection":[{"href":"https:\/\/rdnews.al\/index.php\/wp-json\/wp\/v2\/posts"}],"about":[{"href":"https:\/\/rdnews.al\/index.php\/wp-json\/wp\/v2\/types\/post"}],"author":[{"embeddable":true,"href":"https:\/\/rdnews.al\/index.php\/wp-json\/wp\/v2\/users\/4"}],"replies":[{"embeddable":true,"href":"https:\/\/rdnews.al\/index.php\/wp-json\/wp\/v2\/comments?post=25347"}],"version-history":[{"count":0,"href":"https:\/\/rdnews.al\/index.php\/wp-json\/wp\/v2\/posts\/25347\/revisions"}],"wp:featuredmedia":[{"embeddable":true,"href":"https:\/\/rdnews.al\/index.php\/wp-json\/wp\/v2\/media\/25348"}],"wp:attachment":[{"href":"https:\/\/rdnews.al\/index.php\/wp-json\/wp\/v2\/media?parent=25347"}],"wp:term":[{"taxonomy":"category","embeddable":true,"href":"https:\/\/rdnews.al\/index.php\/wp-json\/wp\/v2\/categories?post=25347"},{"taxonomy":"post_tag","embeddable":true,"href":"https:\/\/rdnews.al\/index.php\/wp-json\/wp\/v2\/tags?post=25347"}],"curies":[{"name":"wp","href":"https:\/\/api.w.org\/{rel}","templated":true}]}}