{"id":25444,"date":"2022-10-07T10:40:55","date_gmt":"2022-10-07T10:40:55","guid":{"rendered":"https:\/\/rdnews.al\/?p=25444"},"modified":"2022-10-07T10:50:10","modified_gmt":"2022-10-07T10:50:10","slug":"sorina-koti-opozita-eshte-denoncuese-nuk-mund-te-mbaje-pergjegjesi-pse-nuk-funksionon-shteti","status":"publish","type":"post","link":"https:\/\/rdnews.al\/index.php\/2022\/10\/07\/sorina-koti-opozita-eshte-denoncuese-nuk-mund-te-mbaje-pergjegjesi-pse-nuk-funksionon-shteti\/","title":{"rendered":"Sorina Koti: Opozita \u00ebsht\u00eb denoncuese, nuk mund t\u00eb mbaj\u00eb p\u00ebrgjegj\u00ebsi pse nuk funksionon shteti"},"content":{"rendered":"<p>N\/Kryetarja e Komisionit t\u00eb Ekonomis\u00eb, Sorina Koti u shpreh n\u00eb nj\u00eb prononcim p\u00ebr mediat n\u00eb Kryesin\u00eb e Kuvendit se, opozita \u00ebsht\u00eb denoncuese dhe n\u00eb terren me qytetar\u00ebt, nuk mund t\u00eb mbaj\u00eb kurr\u00eb p\u00ebrgjegj\u00ebsin\u00eb pse nuk funksionon shteti i t\u00eb drejt\u00ebs dhe institucionet publike.<\/p>\n<p>\u201cAmbasadorja theksoi se reformat duhet t\u00eb jen\u00eb akoma m\u00eb t\u00eb thella, m\u00eb agresive dhe personat q\u00eb duhet t\u00eb shkojn\u00eb n\u00eb burg, nj\u00eb dit\u00eb do t\u00eb shkojn\u00eb n\u00eb burg.<\/p>\n<p>Ajo q\u00eb cil\u00ebsova \u00ebsht\u00eb q\u00eb pjesa e qeverisjes \u00ebsht\u00eb ajo q\u00eb mban pesh\u00ebn m\u00eb t\u00eb madhe n\u00eb k\u00ebt\u00eb gj\u00eb.<\/p>\n<p>Opozita \u00ebsht\u00eb denoncuese, \u00ebsht\u00eb n\u00eb terren, \u00ebsht\u00eb me qytetar\u00ebt, por nuk mund t\u00eb mbaj\u00eb kurr\u00eb p\u00ebrgjegj\u00ebsin\u00eb pse nuk po funksionin shteti i t\u00eb drejt\u00ebs apo institucionet publike.<\/p>\n<p>Kjo ishte ajo q\u00eb un\u00eb raportova tek ambasada amerikane. Por mbi t\u00eb gjitha \u00ebsht\u00eb bashk\u00ebpunimi me nd\u00ebrkomb\u00ebtar\u00ebt sepse shqiptar\u00ebt duan shpres\u00eb.<\/p>\n<p>Dhe shpresoj se n\u00ebse do t\u00eb ket\u00eb d\u00ebshir\u00eb dhe politikan\u00ebt do t\u00eb jen\u00eb t\u00eb ndersh\u00ebm ashtu si\u00e7 e k\u00ebrkojn\u00eb t\u00eb gjith\u00eb votuesit dhe ne q\u00eb i p\u00ebrfaq\u00ebsojm\u00eb ata, mendoj se jemi n\u00eb rrug\u00ebn e duhur\u201d, u shpreh Sorina Koti.<\/p>\n","protected":false},"excerpt":{"rendered":"<p>N\/Kryetarja e Komisionit t\u00eb Ekonomis\u00eb, Sorina Koti u shpreh n\u00eb nj\u00eb prononcim p\u00ebr mediat n\u00eb Kryesin\u00eb e Kuvendit se, opozita \u00ebsht\u00eb denoncuese dhe n\u00eb terren me qytetar\u00ebt, nuk mund t\u00eb mbaj\u00eb kurr\u00eb p\u00ebrgjegj\u00ebsin\u00eb pse nuk funksionon shteti i t\u00eb drejt\u00ebs dhe institucionet publike. \u201cAmbasadorja theksoi se reformat duhet t\u00eb jen\u00eb akoma m\u00eb t\u00eb thella, m\u00eb &hellip;<\/p>\n","protected":false},"author":4,"featured_media":25445,"comment_status":"open","ping_status":"open","sticky":false,"template":"","format":"standard","meta":{"footnotes":""},"categories":[37],"tags":[],"class_list":["post-25444","post","type-post","status-publish","format-standard","has-post-thumbnail","","category-politike"],"_links":{"self":[{"href":"https:\/\/rdnews.al\/index.php\/wp-json\/wp\/v2\/posts\/25444","targetHints":{"allow":["GET"]}}],"collection":[{"href":"https:\/\/rdnews.al\/index.php\/wp-json\/wp\/v2\/posts"}],"about":[{"href":"https:\/\/rdnews.al\/index.php\/wp-json\/wp\/v2\/types\/post"}],"author":[{"embeddable":true,"href":"https:\/\/rdnews.al\/index.php\/wp-json\/wp\/v2\/users\/4"}],"replies":[{"embeddable":true,"href":"https:\/\/rdnews.al\/index.php\/wp-json\/wp\/v2\/comments?post=25444"}],"version-history":[{"count":0,"href":"https:\/\/rdnews.al\/index.php\/wp-json\/wp\/v2\/posts\/25444\/revisions"}],"wp:featuredmedia":[{"embeddable":true,"href":"https:\/\/rdnews.al\/index.php\/wp-json\/wp\/v2\/media\/25445"}],"wp:attachment":[{"href":"https:\/\/rdnews.al\/index.php\/wp-json\/wp\/v2\/media?parent=25444"}],"wp:term":[{"taxonomy":"category","embeddable":true,"href":"https:\/\/rdnews.al\/index.php\/wp-json\/wp\/v2\/categories?post=25444"},{"taxonomy":"post_tag","embeddable":true,"href":"https:\/\/rdnews.al\/index.php\/wp-json\/wp\/v2\/tags?post=25444"}],"curies":[{"name":"wp","href":"https:\/\/api.w.org\/{rel}","templated":true}]}}