{"id":26930,"date":"2022-10-21T10:51:00","date_gmt":"2022-10-21T10:51:00","guid":{"rendered":"https:\/\/rdnews.al\/?p=26930"},"modified":"2022-10-21T10:51:00","modified_gmt":"2022-10-21T10:51:00","slug":"berisha-hapja-e-debatit-per-dosjet-eshte-gjah-shtrigash-kunder-ilir-metes","status":"publish","type":"post","link":"https:\/\/rdnews.al\/index.php\/2022\/10\/21\/berisha-hapja-e-debatit-per-dosjet-eshte-gjah-shtrigash-kunder-ilir-metes\/","title":{"rendered":"Berisha: Hapja e debatit p\u00ebr dosjet \u00ebsht\u00eb gjah shtrigash kund\u00ebr Ilir Met\u00ebs"},"content":{"rendered":"<p>Hapja e debatit p\u00ebr ligjin e gjahut t\u00eb shtrigave kund\u00ebr Ilir Met\u00ebs. Se ai \u00ebsht\u00eb amendament kund\u00ebr Met\u00ebs. Ne menduam se do kthej\u00eb ligjin e lustracionit, sepse \u00e7do i p\u00ebrndjekur dhe shoq\u00ebria k\u00ebrkon q\u00eb ata q\u00eb kan\u00eb kryer krime, t\u00eb mos jen\u00eb n\u00eb poste. Kjo \u00ebsht\u00eb pritshm\u00ebria e ligjshme.<br \/>\nPik\u00ebrisht k\u00ebt\u00eb nuk pranon Edi Rama. Dhe u zotua se kjo nuk do ndodh\u00eb kurr\u00eb.<br \/>\nK\u00ebshtu q\u00eb ne, kemi dor\u00ebzuar k\u00ebt\u00eb ligj me disa ndryshime.<br \/>\nNe nuk jemi kurr\u00eb p\u00ebr gjah shtrigash, t\u00eb b\u00ebsh nj\u00eb ligj p\u00ebr vet\u00ebm nj\u00eb njeri.<br \/>\nNuk jemi kurr\u00eb p\u00ebr shkat\u00ebrrimin e siguris\u00eb juridike, kur nuk njeh vendimet e dy komisioneve t\u00eb m\u00ebparshme, n\u00eb nj\u00eb koh\u00eb kur ato nuk mund t\u00eb anulohen me asgj\u00eb tjet\u00ebr, p\u00ebrve\u00e7se me gjykat\u00eb. Ato atakohen n\u00eb gjykat\u00eb.<br \/>\nSe n\u00ebse vazhdojm\u00eb praktik\u00eb gangster\u00ebsh si k\u00ebta, ju garantoj se nes\u00ebr mund t\u00eb kalojn\u00eb nj\u00eb nen tjet\u00ebr p\u00ebr pron\u00ebn, p\u00ebr pasurit\u00eb private, p\u00ebr aktivitetet private. Nuk ka shtet n\u00eb bot\u00eb q\u00eb b\u00ebn di\u00e7ka t\u00eb till\u00eb, p\u00ebrve\u00e7 juntave.<\/p>\n","protected":false},"excerpt":{"rendered":"<p>Hapja e debatit p\u00ebr ligjin e gjahut t\u00eb shtrigave kund\u00ebr Ilir Met\u00ebs. Se ai \u00ebsht\u00eb amendament kund\u00ebr Met\u00ebs. Ne menduam se do kthej\u00eb ligjin e lustracionit, sepse \u00e7do i p\u00ebrndjekur dhe shoq\u00ebria k\u00ebrkon q\u00eb ata q\u00eb kan\u00eb kryer krime, t\u00eb mos jen\u00eb n\u00eb poste. Kjo \u00ebsht\u00eb pritshm\u00ebria e ligjshme. Pik\u00ebrisht k\u00ebt\u00eb nuk pranon Edi Rama. &hellip;<\/p>\n","protected":false},"author":4,"featured_media":26932,"comment_status":"open","ping_status":"open","sticky":false,"template":"","format":"standard","meta":{"footnotes":""},"categories":[37],"tags":[],"class_list":["post-26930","post","type-post","status-publish","format-standard","has-post-thumbnail","","category-politike"],"_links":{"self":[{"href":"https:\/\/rdnews.al\/index.php\/wp-json\/wp\/v2\/posts\/26930","targetHints":{"allow":["GET"]}}],"collection":[{"href":"https:\/\/rdnews.al\/index.php\/wp-json\/wp\/v2\/posts"}],"about":[{"href":"https:\/\/rdnews.al\/index.php\/wp-json\/wp\/v2\/types\/post"}],"author":[{"embeddable":true,"href":"https:\/\/rdnews.al\/index.php\/wp-json\/wp\/v2\/users\/4"}],"replies":[{"embeddable":true,"href":"https:\/\/rdnews.al\/index.php\/wp-json\/wp\/v2\/comments?post=26930"}],"version-history":[{"count":0,"href":"https:\/\/rdnews.al\/index.php\/wp-json\/wp\/v2\/posts\/26930\/revisions"}],"wp:featuredmedia":[{"embeddable":true,"href":"https:\/\/rdnews.al\/index.php\/wp-json\/wp\/v2\/media\/26932"}],"wp:attachment":[{"href":"https:\/\/rdnews.al\/index.php\/wp-json\/wp\/v2\/media?parent=26930"}],"wp:term":[{"taxonomy":"category","embeddable":true,"href":"https:\/\/rdnews.al\/index.php\/wp-json\/wp\/v2\/categories?post=26930"},{"taxonomy":"post_tag","embeddable":true,"href":"https:\/\/rdnews.al\/index.php\/wp-json\/wp\/v2\/tags?post=26930"}],"curies":[{"name":"wp","href":"https:\/\/api.w.org\/{rel}","templated":true}]}}