{"id":2732,"date":"2022-01-20T15:30:06","date_gmt":"2022-01-20T15:30:06","guid":{"rendered":"https:\/\/rdnews.al\/?p=2732"},"modified":"2022-01-20T15:30:06","modified_gmt":"2022-01-20T15:30:06","slug":"frpd-vlore-nuk-e-njeh-komandimin-e-te-komanduarit-kukull-do-vish-kukull-do-ikesh","status":"publish","type":"post","link":"https:\/\/rdnews.al\/index.php\/2022\/01\/20\/frpd-vlore-nuk-e-njeh-komandimin-e-te-komanduarit-kukull-do-vish-kukull-do-ikesh\/","title":{"rendered":"FRPD Vlor\u00eb nuk e njeh komandimin e t\u00eb komanduarit: Kukull do vish, kukull do ik\u00ebsh!"},"content":{"rendered":"<p><strong>Reagim i FRPD Vlor\u00eb<\/strong><\/p>\n<p>FRPD Vlor\u00eb nuk e njeh komandimin e t\u00eb komanduarit n\u00eb krye t\u00eb deg\u00ebs s\u00eb Partis\u00eb Demokratike Vlor\u00eb !<\/p>\n<p>Nj\u00eb njeri i komanduar \u00ebsht\u00eb thjesht se nj\u00eb njeri i komanduar, nj\u00eb njeri q\u00eb kontrollohet leht\u00ebsisht nga &#8220;ata&#8221; q\u00eb e kan\u00eb vendosur t\u00eb komanduar, me q\u00ebllim p\u00ebr ta komanduar.<\/p>\n<p>Kurrsesi nuk njohim nj\u00eb t\u00eb komanduar, ku dega e Vlor\u00ebs ka n\u00eb krye nj\u00eb individ t\u00eb zgjedhur me vot\u00eb t\u00eb lir\u00eb qytetare, me vot\u00ebn e lir\u00eb t\u00eb demokrat\u00ebve t\u00eb Vlor\u00ebs.<\/p>\n<p>Kurrsesi nuk njohim nj\u00eb t\u00eb komanduar n\u00eb krye t\u00eb PD Vlor\u00eb, PD e Vlor\u00ebs ka Zot dhe ai \u00ebsht\u00eb vot\u00ebbesimi q\u00eb i \u00ebsht\u00eb b\u00ebr\u00eb kryetarit aktual t\u00eb k\u00ebsaj dege Z.Genc Deromemaj nga baza dhe an\u00ebtar\u00ebsia e deg\u00ebs Vlor\u00eb.<\/p>\n<p>Nj\u00eb i komanduar, i komanduar do jet\u00eb gjith\u00eb koh\u00ebs, pa integritet, pa moral, pa mund\u00ebsi zgjedhjesh, pa mund\u00ebsi kontrolli dhe ushtrimi lirie.<\/p>\n<p>Nj\u00eb manekin\u00eb, manekin\u00eb do mbetet, aksesor i &#8220;pasqejfit&#8221; t\u00eb atyre t\u00eb tij\u00ebve lart !<\/p>\n<p>Nuk njohim nj\u00eb individ t\u00eb katapultuar nga ata t\u00eb kapitulluarit, n\u00eb krye t\u00eb PD Vlor\u00eb, ai q\u00eb s&#8217;njeh ask\u00ebnd dhe asgj\u00eb n\u00eb k\u00ebt\u00eb deg\u00eb.<\/p>\n<p>Nuk njohim nj\u00eb kukull t\u00eb komanduar n\u00eb krye t\u00eb deg\u00ebs s\u00eb Partis\u00eb Demokratike Vlor\u00eb, kukull q\u00eb nuk ka lidhje gjenetike me qytetin e Vlor\u00ebs dhe me at\u00eb \u00e7&#8217;ka Vlora p\u00ebrfaq\u00ebson.<\/p>\n<p>*Dy fjal\u00eb p\u00ebr t\u00eb komanduarin!<br \/>\nI komanduar,<br \/>\nTi mund t\u00eb vish,<br \/>\nDo takosh dhe disa tek tuk,<br \/>\nPor sa t\u00eb kalosh Levanin, je i \u00e7&#8217;komanduar nga t\u00eb gjith\u00eb demokrat\u00ebt e Vlor\u00ebs!<br \/>\nKukull do vish, Kukull do ik\u00ebsh!<br \/>\nI komanduar do vish, i \u00e7&#8217;komanduar do ik\u00ebsh!<\/p>\n","protected":false},"excerpt":{"rendered":"<p>Reagim i FRPD Vlor\u00eb FRPD Vlor\u00eb nuk e njeh komandimin e t\u00eb komanduarit n\u00eb krye t\u00eb deg\u00ebs s\u00eb Partis\u00eb Demokratike Vlor\u00eb ! Nj\u00eb njeri i komanduar \u00ebsht\u00eb thjesht se nj\u00eb njeri i komanduar, nj\u00eb njeri q\u00eb kontrollohet leht\u00ebsisht nga &#8220;ata&#8221; q\u00eb e kan\u00eb vendosur t\u00eb komanduar, me q\u00ebllim p\u00ebr ta komanduar. Kurrsesi nuk njohim nj\u00eb &hellip;<\/p>\n","protected":false},"author":4,"featured_media":2695,"comment_status":"open","ping_status":"open","sticky":false,"template":"","format":"standard","meta":{"footnotes":""},"categories":[37],"tags":[],"class_list":["post-2732","post","type-post","status-publish","format-standard","has-post-thumbnail","","category-politike"],"_links":{"self":[{"href":"https:\/\/rdnews.al\/index.php\/wp-json\/wp\/v2\/posts\/2732","targetHints":{"allow":["GET"]}}],"collection":[{"href":"https:\/\/rdnews.al\/index.php\/wp-json\/wp\/v2\/posts"}],"about":[{"href":"https:\/\/rdnews.al\/index.php\/wp-json\/wp\/v2\/types\/post"}],"author":[{"embeddable":true,"href":"https:\/\/rdnews.al\/index.php\/wp-json\/wp\/v2\/users\/4"}],"replies":[{"embeddable":true,"href":"https:\/\/rdnews.al\/index.php\/wp-json\/wp\/v2\/comments?post=2732"}],"version-history":[{"count":0,"href":"https:\/\/rdnews.al\/index.php\/wp-json\/wp\/v2\/posts\/2732\/revisions"}],"wp:featuredmedia":[{"embeddable":true,"href":"https:\/\/rdnews.al\/index.php\/wp-json\/wp\/v2\/media\/2695"}],"wp:attachment":[{"href":"https:\/\/rdnews.al\/index.php\/wp-json\/wp\/v2\/media?parent=2732"}],"wp:term":[{"taxonomy":"category","embeddable":true,"href":"https:\/\/rdnews.al\/index.php\/wp-json\/wp\/v2\/categories?post=2732"},{"taxonomy":"post_tag","embeddable":true,"href":"https:\/\/rdnews.al\/index.php\/wp-json\/wp\/v2\/tags?post=2732"}],"curies":[{"name":"wp","href":"https:\/\/api.w.org\/{rel}","templated":true}]}}