{"id":27356,"date":"2022-10-26T11:03:45","date_gmt":"2022-10-26T11:03:45","guid":{"rendered":"https:\/\/rdnews.al\/?p=27356"},"modified":"2022-10-26T11:03:45","modified_gmt":"2022-10-26T11:03:45","slug":"meta-shpjegon-rendesine-e-marreveshjes-me-pd","status":"publish","type":"post","link":"https:\/\/rdnews.al\/index.php\/2022\/10\/26\/meta-shpjegon-rendesine-e-marreveshjes-me-pd\/","title":{"rendered":"Meta shpjegon r\u00ebnd\u00ebsin\u00eb e marr\u00ebveshjes me PD"},"content":{"rendered":"<p>Ilir Meta e ka vler\u00ebsuar maksimalisht, marr\u00ebveshjen me Partin\u00eb Demokratike p\u00ebr t\u00eb dal\u00eb me kandidat\u00eb t\u00eb p\u00ebrbashk\u00ebt n\u00eb zgjedhjet vendore dhe ka dh\u00ebn\u00eb t\u00eb gjitha arsyet pse kjo marr\u00ebveshje \u00ebsht\u00eb domosdoshm\u00ebri n\u00eb kushtet ku gjendet vendi.<\/p>\n<p>Gjat\u00eb nj\u00eb konference shtypi sot, Ilir Meta iu p\u00ebrgjigj pyetjeve t\u00eb gazetar\u00ebve me qart\u00ebsi duke v\u00ebn\u00eb n\u00eb dukje n\u00eb nj\u00eb rast se kishte pyetje t\u00eb nxitura indirekt edhe nga z\u00ebdh\u00ebn\u00ebsi i Kryeministrit, Endri Fuga, p\u00ebr t\u00eb p\u00ebr\u00e7ar\u00eb opozit\u00ebn.<\/p>\n<p>\u201cUn\u00eb kam i lavd\u00ebruar gjithmon\u00eb primaret, &#8211; tha Meta, &#8211; \u00a0nd\u00ebrkoh\u00eb kam theksuar se duhet t\u00eb jemi t\u00eb kujdessh\u00ebm n\u00eb kushtet e nj\u00eb regjimi mafioz dhe fashist, si\u00e7 \u00ebsht\u00eb ky aktuali, ku vet\u00eb fakti q\u00eb vul\u00ebn e PD e mban n\u00eb xhep Edi Rama edhe e p\u00ebrdor kund\u00ebr opozit\u00ebs, pluralizmit politik dhe opozitarizmit e \u00ebsht\u00eb nj\u00eb rast shum\u00eb i qart\u00eb dhe flagrant p\u00ebr t\u00eb gjith\u00eb qytetar\u00ebt shqiptar\u00eb, p\u00ebrfshir\u00eb edhe socialist\u00ebt e ndersh\u00ebm dhe patriot\u00eb. Un\u00eb kam th\u00ebn\u00eb q\u00eb e mban Sali Berisha, p\u00ebrgjegj\u00ebsin\u00eb, q\u00eb do t\u00eb thot\u00eb se shqiptar\u00ebt nuk presin primaret nga Berisha dhe as nga Meta, presin fitoren mbi k\u00ebt\u00eb junt\u00eb. Prandaj ai mban p\u00ebrgjegj\u00ebsi sepse \u00ebsht\u00eb ai q\u00eb e ka ideuar, q\u00eb e ka nisur k\u00ebt\u00eb proces, t\u00eb cilin un\u00eb e kam duartrokitur dhe e duartrokas. Ky \u00ebsht\u00eb nj\u00eb procec si vonuar dhe un\u00eb ia kam th\u00ebn\u00eb disa her\u00eb, duhet t\u2019i kishte marr\u00eb masat m\u00eb p\u00ebrpara p\u00ebr k\u00ebt\u00eb proces. Megjithat\u00eb duhet t\u00eb b\u00ebj\u00eb \u00e7do gj\u00eb q\u00eb kjo \u00e7\u00ebshtje t\u00eb zgjidhet sa m\u00eb par\u00eb p\u00ebr arsye se kemi t\u00eb b\u00ebjm\u00eb me nj\u00eb shtet fashist, me nj\u00eb regjim patronazhist, t\u00eb dhunsh\u00ebm.<\/p>\n<p>\u201cDo t\u00eb 10-fishoj\u201d thot\u00eb, gjobat ndja biznesit, do t\u2019i mbaj\u00eb peng q\u00eb t\u2019i dhunoj\u00eb.\u00a0 \u201cDo t\u2019u v\u00eb tatim t\u00eb jasht\u00ebzakonsh\u00ebm prodhuesve t\u00eb energjis\u00eb elektrike; special\u201d, si ato t\u00eb Spiro Kolek\u00ebs!!! Po pse?! Se kan\u00eb shp\u00ebtuar qindra miliona euro me \u00e7mimin q\u00eb ia japin shtetit?! Shtat\u00eb her\u00eb m\u00eb pak sesa mporton banda e Edi Ram\u00ebs nga jasht\u00eb! Shtat\u00eb her\u00eb m\u00eb pak! Po pse e b\u00ebn k\u00ebt\u00eb? Ky bandit e b\u00ebn k\u00ebt\u00eb q\u00eb t\u2019i thot\u00eb shqiptar\u00ebve se \u201cs\u2019e kam un\u00eb fajin q\u00eb do ta rris \u00e7mimin p\u00ebr vjedhjet e mia, me gjith\u00eb band\u00ebn e tij n\u00eb energjetik\u00eb. Fajin e kan\u00eb k\u00ebt\u00eb prodhuesit se k\u00ebta fitojn\u00eb shum\u00eb, se k\u00ebta b\u00ebjn\u00eb shum\u00eb.\u201d<\/p>\n<p>Se mos i intereson atij se k\u00ebta kan\u00eb marr\u00eb kredira dhe ky s\u2019ka b\u00ebr\u00eb asgj\u00eb p\u00ebr t\u2019i ndihmuar e p\u00ebr t\u2019i mb\u00ebshtetur. 1,3 miliard\u00eb euro ishte borxhi i k\u00ebsaj bande t\u00eb qeveris\u00eb q\u00eb ka tek OSHEE. Edhe ta paguajn\u00eb qytetar\u00ebt hajdut\u00ebrin\u00eb e k\u00ebtij dhe t\u00eb k\u00ebsja bande.<\/p>\n<p>Prandaj dhe e kam th\u00ebn\u00eb shum\u00eb qart\u00eb dhe se &#8230;me pyetje t\u00eb nxitura nga Fuga mos m\u00eb hajdeni k\u00ebtu! Jo se ta ka dh\u00ebn\u00eb ty ai, po i nxit k\u00ebshtu indirekt, m\u00eb vjen keq.<\/p>\n<p>Un\u00eb kam th\u00ebn\u00eb shum\u00eb qart\u00eb se nuk do t\u00eb ket\u00eb kandidat\u00eb\u00a0kund\u00ebr apo kandidat\u00eb q\u00eb do t\u00eb konkurojn\u00eb me kandidat\u00eb t\u00eb tjer\u00eb t\u00eb opozit\u00ebs nga Partia e Liris\u00eb. \u00a0Pra, nuk do t\u00eb b\u00ebhet asgj\u00ebkundi shkak p\u00ebr p\u00ebr\u00e7arje se \u00ebsht\u00eb betej\u00eb vendimtare kjo kund\u00ebr k\u00ebtij regjimi monist. K\u00ebt\u00eb kam th\u00ebn\u00eb. Kam th\u00ebn\u00eb dhe tjetr\u00ebn q\u00eb ne respektojm\u00eb primaret dhe n\u00ebse kemi ndonj\u00eb kandidat diku, ai t\u00eb b\u00ebhet pjes\u00eb e procesit t\u00eb primareve. Po e them kot, n\u00eb Tropoj\u00eb, ka d\u00ebshir\u00eb dikush nga Partia e Liris\u00eb? Po patjet\u00ebr, t\u00eb kandidoj\u00eb bashk\u00eb me\u2026 Ne do t\u00eb p\u00ebrpiqemi t\u00eb garantojm\u00eb sa m\u00eb shum\u00eb transparenc\u00eb. Po n\u00eb Kuk\u00ebs, n\u00ebse nuk do t\u00eb kandidoj\u00eb nj\u00eb nga Partia e Liris\u00eb, at\u00ebher\u00eb e gjith\u00eb p\u00ebrgjegj\u00ebsia i mbetet Partis\u00eb Demokratike p\u00ebr procesin atje dhe i kam th\u00ebn\u00eb zotit Berisha q\u00eb \u00e7do kandidat q\u00eb kandidon n\u00eb primare dhe q\u00eb p\u00ebrpiqet t\u00eb d\u00ebmtoj\u00eb kolegun e tij brenda primareve, t\u00eb p\u00ebrjashtohet automatikisht nga gara, sepse k\u00ebtu k\u00ebrkohet shpalosje e vizionit opozitar p\u00ebr t\u2019i rikthyer pushtetin lokal qytetar\u00ebve dhe jo d\u00ebmtimi i nj\u00ebrit tjetrit p\u00ebr t\u00eb favorizuar k\u00ebt\u00eb junt\u00eb q\u00eb bazohet vet\u00ebm mbi diversionin brenda opozit\u00ebs.<\/p>\n<p>K\u00ebshtu q\u00eb jemi shum\u00eb t\u00eb qart\u00eb dhe marr\u00ebveshja jon\u00eb q\u00eb tashm\u00eb \u00ebsht\u00eb e p\u00ebrfunduar \u00ebsht\u00eb nj\u00eb marr\u00ebveshje q\u00eb i intereson gjith\u00eb shqiptar\u00ebve. Jo vet\u00ebm gjith\u00eb opozitar\u00ebv\u00eb. Sot e p\u00ebrgjithmon\u00eb, \u00ebsht\u00eb nj\u00eb binom i jasht\u00ebzakonsh\u00ebm, referendum dhe primare. Primare dhe referendum.<\/p>\n<p>Firmat tona mbi nj\u00eb marr\u00ebveshje t\u00eb till\u00eb japin siguri t\u00eb plot\u00eb n\u00eb rivendosjen e plot\u00eb t\u00eb rendit kushtetues, pluralizmit politik dhe llogaridh\u00ebnies dhe heqjen dor\u00eb nj\u00ebher\u00eb e p\u00ebrgjithmon\u00eb nga kandidat\u00ebt e bashkive q\u00eb caktoheshin me zarfa. Jo. Tani i vendosin vet\u00eb an\u00ebtar\u00ebt dhe simpatizant\u00ebt e forcave politike n\u00eb m\u00ebnyr\u00eb transparente dhe ajo q\u00eb i intereson qytetar\u00ebve \u00ebsht\u00eb angazhimi i PD dhe i PL p\u00ebr t\u00eb ekzekutuar p\u00ebrfundimisht nj\u00ebher\u00eb e p\u00ebrgjithmon\u00eb vullnetin e popullit shqiptar q\u00eb \u00ebsht\u00eb q\u00eb nga \u201898 n\u00eb Kushtetut\u00ebn e Shqip\u00ebris\u00eb dhe q\u00eb \u00ebsht\u00eb b\u00ebr\u00eb i pamundur deri tani, p\u00ebrmes nj\u00eb ligji q\u00eb e bllokon, referendumin dhe referendumet e kjo \u00ebsht\u00eb gj\u00ebja m\u00eb e r\u00ebnd\u00ebsishme q\u00eb vjen nga kjo marr\u00ebveshje.<\/p>\n","protected":false},"excerpt":{"rendered":"<p>Ilir Meta e ka vler\u00ebsuar maksimalisht, marr\u00ebveshjen me Partin\u00eb Demokratike p\u00ebr t\u00eb dal\u00eb me kandidat\u00eb t\u00eb p\u00ebrbashk\u00ebt n\u00eb zgjedhjet vendore dhe ka dh\u00ebn\u00eb t\u00eb gjitha arsyet pse kjo marr\u00ebveshje \u00ebsht\u00eb domosdoshm\u00ebri n\u00eb kushtet ku gjendet vendi. Gjat\u00eb nj\u00eb konference shtypi sot, Ilir Meta iu p\u00ebrgjigj pyetjeve t\u00eb gazetar\u00ebve me qart\u00ebsi duke v\u00ebn\u00eb n\u00eb dukje n\u00eb &hellip;<\/p>\n","protected":false},"author":4,"featured_media":27358,"comment_status":"open","ping_status":"open","sticky":false,"template":"","format":"standard","meta":{"footnotes":""},"categories":[37],"tags":[],"class_list":["post-27356","post","type-post","status-publish","format-standard","has-post-thumbnail","","category-politike"],"_links":{"self":[{"href":"https:\/\/rdnews.al\/index.php\/wp-json\/wp\/v2\/posts\/27356","targetHints":{"allow":["GET"]}}],"collection":[{"href":"https:\/\/rdnews.al\/index.php\/wp-json\/wp\/v2\/posts"}],"about":[{"href":"https:\/\/rdnews.al\/index.php\/wp-json\/wp\/v2\/types\/post"}],"author":[{"embeddable":true,"href":"https:\/\/rdnews.al\/index.php\/wp-json\/wp\/v2\/users\/4"}],"replies":[{"embeddable":true,"href":"https:\/\/rdnews.al\/index.php\/wp-json\/wp\/v2\/comments?post=27356"}],"version-history":[{"count":0,"href":"https:\/\/rdnews.al\/index.php\/wp-json\/wp\/v2\/posts\/27356\/revisions"}],"wp:featuredmedia":[{"embeddable":true,"href":"https:\/\/rdnews.al\/index.php\/wp-json\/wp\/v2\/media\/27358"}],"wp:attachment":[{"href":"https:\/\/rdnews.al\/index.php\/wp-json\/wp\/v2\/media?parent=27356"}],"wp:term":[{"taxonomy":"category","embeddable":true,"href":"https:\/\/rdnews.al\/index.php\/wp-json\/wp\/v2\/categories?post=27356"},{"taxonomy":"post_tag","embeddable":true,"href":"https:\/\/rdnews.al\/index.php\/wp-json\/wp\/v2\/tags?post=27356"}],"curies":[{"name":"wp","href":"https:\/\/api.w.org\/{rel}","templated":true}]}}