{"id":27505,"date":"2022-10-27T15:11:59","date_gmt":"2022-10-27T15:11:59","guid":{"rendered":"https:\/\/rdnews.al\/?p=27505"},"modified":"2022-10-27T15:11:59","modified_gmt":"2022-10-27T15:11:59","slug":"belind-kellici-zyrtarizon-kandidature-per-primaret-e-tiranes-bashke-do-fitojme","status":"publish","type":"post","link":"https:\/\/rdnews.al\/index.php\/2022\/10\/27\/belind-kellici-zyrtarizon-kandidature-per-primaret-e-tiranes-bashke-do-fitojme\/","title":{"rendered":"Belind K\u00eblli\u00e7i zyrtarizon kandidatur\u00eb p\u00ebr primaret e Tiran\u00ebs: Bashk\u00eb do fitojm\u00eb"},"content":{"rendered":"<p><strong>Belind KELLI\u00c7I<\/strong><\/p>\n<p>T\u00eb dashur qytetar\u00eb,<\/p>\n<p>Miq, demokrat\u00eb,<\/p>\n<p>T\u00eb rinj e t\u00eb reja,<\/p>\n<p>Zonja e zot\u00ebrinj,<\/p>\n<p>T\u00eb nderuar banor\u00eb t\u00eb Bashkis\u00eb Tiran\u00eb!<\/p>\n<p>Kam vendosur t\u00eb kandidoj n\u00eb k\u00ebto primare t\u00eb Partis\u00eb Demokratike, t\u00eb parat p\u00ebr forc\u00ebn ton\u00eb dhe p\u00ebr politik\u00ebn n\u00eb Shqip\u00ebri, prej t\u00eb cilave, me vot\u00ebn e an\u00ebtar\u00ebsis\u00eb dhe simpatizant\u00ebve, do t\u00eb zyrtarizohen kandidat\u00ebt e Opozit\u00ebs s\u00eb Bashkuar p\u00ebr bashkit\u00eb e vendit. <\/p>\n<p>Mb\u00ebrritja n\u00eb k\u00ebt\u00eb vendim nuk ishte e menj\u00ebhershme, dhe ka ardhur pas nj\u00eb reflektimi t\u00eb gjat\u00eb, pas konsultave dhe takimeve t\u00eb p\u00ebrditshme me demokrat\u00ebt dhe banor\u00ebt e Tiran\u00ebs, n\u00eb zonat e mia elektorale e kudo tjet\u00ebr. Ky vendim u arrit p\u00ebr disa arsye, t\u00eb cilat d\u00ebshiroj t\u2019i ndaj me ju: <\/p>\n<p>S\u00eb pari, Tirana ka nevoj\u00eb dramatike p\u00ebr ndryshim. <\/p>\n<p>Un\u00eb besoj se Bashkia Tiran\u00eb \u00ebsht\u00eb shfryt\u00ebzuar p\u00ebr shum\u00eb vite nga Erion Veliaj, p\u00ebr pasurim t\u00eb jasht\u00ebligjsh\u00ebm me taksat e qytetar\u00ebve, gjobat, tenderat, lejet p\u00ebr nd\u00ebrtim dhe inceneratorin. Veliaj e ka shfryt\u00ebzuar detyr\u00ebn e kryebashkiakut t\u00eb Tiran\u00ebs p\u00ebr t\u00eb bler\u00eb mb\u00ebshtetje politike brenda Partis\u00eb Socialiste. N\u00eb dy mandate, ai ia ka dal\u00eb q\u00eb, me an\u00eb t\u00eb propagand\u00ebs dhe kontrollit t\u00eb medias, t\u00eb na imponoj\u00eb nj\u00eb pamje false t\u00eb qytetit. Me instalimin e modelit \u201cpuna dicka, dukja gjithcka\u201d, Veliaj e ka d\u00ebmtuar r\u00ebnd\u00eb qytetin. <\/p>\n<p>Tirana mund t\u00eb rregullohet, dhe bashkia mund t\u00eb sh\u00ebrbej\u00eb, edhe pa vjedhur. Ky \u00ebsht\u00eb nj\u00eb model p\u00ebr t\u00eb cilin qytetar\u00ebt dhe politikan\u00ebt, duhet m\u00eb n\u00eb fund t\u00eb nd\u00ebrgjegj\u00ebsohen.<\/p>\n<p>Tirana sot nuk ngjason me asnj\u00eb kryeqytet n\u00eb Bashkimin Europian dhe as vendet fqinje. Ajo b\u00ebhet \u00e7do dit\u00eb e m\u00eb shum\u00eb e pajetueshme: m\u00eb e shtrenjt\u00eb, m\u00eb kaotike, m\u00eb e ndotur, pa transport alternativ dhe hap\u00ebsira p\u00ebr parkim dhe gjelb\u00ebrim. N\u00eb 8 vite, Tirana humbi trash\u00ebgimin\u00eb e saj historike qindravje\u00e7are, p\u00ebr shkak t\u00eb miliona metrave katror\u00eb leje-nd\u00ebrtimi, q\u00eb Erion Veliaj dha bab\u00ebzisht, pa kriter, vet\u00ebm p\u00ebr interesin e tij personal dhe t\u00eb mafias s\u00eb betonit, q\u00eb \u00ebsht\u00eb sot paradhoma dhe vendimarrja okulte e pun\u00ebve publike t\u00eb Bashkis\u00eb.<\/p>\n<p>Veliaj k\u00ebrkon ta shfryt\u00ebzoj\u00eb s\u00ebrish k\u00ebt\u00eb pushtet t\u00eb madh, atij i duhet bashkia p\u00ebr nj\u00eb mandat t\u00eb tret\u00eb, q\u00eb t\u00eb ket\u00eb rastin q\u00eb k\u00ebt\u00eb abuzim, k\u00ebt\u00eb model, k\u00ebt\u00eb p\u00ebrvoj\u00eb t\u00eb p\u00ebrfitimit e vjedhjes, ta rris\u00eb edhe m\u00eb shum\u00eb. Ky model, t\u00eb dashur miq, duhet t\u00eb bjer\u00eb. Nuk e meritojn\u00eb qytetar\u00ebt e Tiran\u00ebs eksperimentin m\u00eb t\u00eb keq t\u00eb Rilindjes. <\/p>\n<p>S\u00eb dyti, si banor i Tiran\u00ebs, si bir, lindur e rritur n\u00eb k\u00ebt\u00eb qytet, dhe si nj\u00eb shqiptar q\u00eb \u00ebsht\u00eb kthyer k\u00ebtu p\u00ebr t\u00eb jetuar pran\u00eb familjes, e kam t\u00eb papranueshme t\u00eb mbetem nj\u00eb d\u00ebshmitar okular i k\u00ebsaj katastrofe dhe t\u00eb lejoj q\u00eb Tirana t\u00eb privatizohet, \u00e7do dit\u00eb e m\u00eb shum\u00eb nga mafia e nd\u00ebrtimit dhe pastrimit t\u00eb paras\u00eb. Me ndihm\u00ebn e Veliajt, mafia e betonit n\u00eb Tiran\u00eb u shet shqiptar\u00ebve apartamente m\u00eb shtrenjt\u00eb se kudo n\u00eb Europ\u00ebn e af\u00ebrt. T\u00eb rinjve u duhen tri jet\u00eb p\u00ebr t\u00eb bler\u00eb nj\u00eb apartament dhe p\u00ebr t\u00eb krijuar familje. \u00c7mimet e larta t\u00eb apartamenteve n\u00eb Tiran\u00eb i kan\u00eb skllav\u00ebruar shqiptar\u00ebt n\u00eb kredi, n\u00eb borxhe, deri n\u00eb pik\u00ebn q\u00eb jan\u00eb t\u00eb gatsh\u00ebm t\u00eb paguajn\u00eb para vet\u00ebm p\u00ebr t\u2019u larguar nga vendi i tyre. <\/p>\n<p>Erion Veliaj \u00ebsht\u00eb i vetmi njeri q\u00eb mund ta ket\u00eb konkuruar Edi Ram\u00ebn n\u00eb gjith\u00eb k\u00ebto vite, p\u00ebr abuzimin me detyr\u00ebn, p\u00ebr rritjen e pushtetit personal, p\u00ebr kapjen e mediave e shantazhin ndaj z\u00ebrave kritik\u00eb, p\u00ebr instalimin e nj\u00eb modeli t\u00eb mbrapsht\u00eb, i cili p\u00ebrfaq\u00ebson an\u00ebn m\u00eb t\u00eb err\u00ebt t\u00eb Rilindjes, ku jan\u00eb p\u00ebrzier zgjatimet m\u00eb t\u00eb m\u00ebdha t\u00eb keqqeverisjes. <\/p>\n<p>Si i till\u00eb, ai dhe modeli i tij antivler\u00eb, duhet larguar nj\u00eb or\u00eb e m\u00eb par\u00eb, pik\u00ebrisht me vot\u00ebn e kryeqytetasve. <\/p>\n<p>S\u00eb treti, un\u00eb kandidoj n\u00eb k\u00ebto primare p\u00ebr t\u00eb zgjedhurit vendor\u00eb, pasi besoj se p\u00ebr t\u00eb administruar Tiran\u00ebn duhet t\u00eb fitosh si fillim besimin e forc\u00ebs politike ku aderon, t\u00eb antar\u00ebve dhe simpatizant\u00ebve t\u00eb saj. Jam kund\u00ebr modelit t\u00eb em\u00ebrimit nga kryetari i partis\u00eb, sepse e gjykoj si nj\u00eb model t\u00eb d\u00ebshtuar dhe korruptiv. <\/p>\n<p>N\u00eb ndryshim nga Veliaj, ecuria ime n\u00eb politik\u00eb \u00ebsht\u00eb vet\u00ebm n\u00ebp\u00ebrmjet gar\u00ebs dhe vot\u00ebs s\u00eb lir\u00eb. Jam zgjedhur kryetar i Forumit Rinor t\u00eb Partis\u00eb Demokratike me vot\u00ebn e an\u00ebtar\u00ebsis\u00eb, n\u00eb nj\u00eb gar\u00eb serioze, t\u00eb paprecedent, t\u00eb fort\u00eb, t\u00eb v\u00ebrtet\u00eb, me debat publik, dhe program real. Un\u00eb e njoh dhe e pranoj verdiktin e vot\u00ebs s\u00eb lir\u00eb, si kur fitoj ashtu dhe kur humbas. Nuk i b\u00ebj kurr\u00eb bisht garave dhe p\u00ebrballjes, sado e fort\u00eb t\u00eb jet\u00eb ajo!<\/p>\n<p>Do t\u00eb doja t\u00eb ndodhte k\u00ebshtu edhe n\u00eb kampin kund\u00ebrshtar, q\u00eb kandidati i opozit\u00ebs t\u00eb kishte p\u00ebrball\u00eb nj\u00eb socialist t\u00eb v\u00ebrtet\u00eb, t\u00eb ndersh\u00ebm, t\u00eb votuar nga socialist\u00ebt dhe jo i em\u00ebruar personalisht nga Edi Rama dhe mafia e plehrave. Kjo vet\u00ebm t\u00eb mira do t\u2019i sillte gar\u00ebs dhe politik\u00ebs shqiptare. <\/p>\n<p>S\u00eb kat\u00ebrti, un\u00eb nuk kam asgj\u00eb p\u00ebr t\u2019u turp\u00ebruar dhe jam krenar p\u00ebr rr\u00ebnj\u00ebt e mia, p\u00ebr familjen time, p\u00ebr zgjedhjet q\u00eb kam b\u00ebr\u00eb n\u00eb jet\u00eb, p\u00ebr t\u00eb kaluar\u00ebn dhe t\u00eb tashmen time. Un\u00eb nuk kam t\u00eb vdekur n\u00eb nd\u00ebrgjegje, nuk kam shpikur incenerator\u00eb p\u00ebr t\u00eb vjedhur, nuk kam pastruar para t\u00eb pista me leje-nd\u00ebrtimi, nuk kam betonizuar asnj\u00eb met\u00ebr katror t\u00eb qytetit, nuk kam prekur kurr\u00eb asnj\u00eb fond publik, e nuk e kam futur dor\u00ebn kurr\u00eb n\u00eb xhepin e askujt, nuk jam n\u00eb Kin\u00eb apo Indonezi kur shfaqem n\u00eb ekranet tuaja, nuk retushoj foto p\u00ebr t\u00eb fshehur malin e betonit pas shpin\u00ebs sime. <\/p>\n<p>Mua nuk m\u00eb lidh asgj\u00eb me k\u00ebt\u00eb model t\u00eb neveritsh\u00ebm! <\/p>\n<p>Un\u00eb kam vet\u00ebm nj\u00eb fytyr\u00eb, si p\u00ebr ata q\u00eb m\u00eb njohin dhe p\u00ebr t\u00eb tjer\u00ebt q\u00eb do t\u00eb m\u00eb njohin. K\u00ebt\u00eb e din\u00eb demokrat\u00ebt, bashk\u00ebpun\u00ebtor\u00ebt dhe 11,601 votuesit e mi nga e gjith\u00eb Shqip\u00ebria, q\u00eb jetojn\u00eb n\u00eb Tiran\u00eb. <\/p>\n<p>Dinjiteti \u00ebsht\u00eb vler\u00eb e p\u00ebrjetshme dhe un\u00eb nuk e tregtoj p\u00ebr karrier\u00eb politike. Dinjiteti personal q\u00ebndron m\u00eb lart se \u00e7do pozit\u00eb politike apo funksion publik. Un\u00eb i hyj me bindje k\u00ebsaj gare, pik\u00ebrisht sepse jam i kund\u00ebrti i \u201cmodelit Veliaj\u201d. Nuk jam i shantazhuesh\u00ebm nga askush brenda dhe jasht\u00eb partis\u00eb ku kontribuoj, N\u00eb ndryshim nga Erioni, nuk jam peng i askujt q\u00eb mbi kok\u00eb i tund dosjen e t\u00eb ndjerit Ardit Gjoklaj, dosjen e inceneratorit t\u00eb Tiran\u00ebs, dosjen e Teatrit Komb\u00ebtar dhe t\u00eb lejeve abuzive t\u00eb nd\u00ebrtimit, q\u00eb jan\u00eb dh\u00ebn\u00eb n\u00eb zonat e mbrojtura dhe kryesisht n\u00eb qendr\u00ebn historike t\u00eb Tiran\u00ebs. <\/p>\n<p>Synimi im \u00ebsht\u00eb t\u00eb fitoj mb\u00ebshtetjen e demokrat\u00ebve n\u00eb k\u00ebto primare, p\u00ebr t\u2019i dal\u00eb p\u00ebrpara k\u00ebtij modeli hipokrit, q\u00eb flet p\u00ebr pem\u00eb kur pem\u00ebt i pret p\u00ebr t\u00eb ngritur kulla q\u00eb i b\u00ebjn\u00eb hije Tiran\u00ebs, q\u00eb Kull\u00ebn e Sahatit e ka shnd\u00ebrruar n\u00eb or\u00eb muri p\u00ebr klientel\u00ebn e tij. <\/p>\n<p>S\u00eb pesti, Tirana \u00ebsht\u00eb sht\u00ebpi e dyt\u00eb p\u00ebr student\u00ebt nga e gjith\u00eb Shqip\u00ebria. Nuk meritojn\u00eb mij\u00ebra t\u00eb rinj e t\u00eb reja t\u00eb cil\u00ebsohen nga kryebashkiaku si \u201cnjer\u00ebz pa rr\u00ebnj\u00eb, q\u00eb nuk do kthehen aty nga kan\u00eb ardhur\u201d. Nuk meritojn\u00eb student\u00ebt t\u00eb diskriminohen nga kryebashkiaku vet\u00ebm pse nj\u00eb pjes\u00eb e tyre q\u00ebndrojn\u00eb n\u00eb konvikte, e t\u2019u thuhet se nj\u00eb qytetar dallon nga nj\u00eb konviktor, pasi sipas Erionit, konviktori \u00ebsht\u00eb k\u00ebtu vet\u00ebm t\u00eb haj\u00eb, t\u00eb pij\u00eb e t\u00eb kryej\u00eb nevojat personale. Student\u00ebt i japin gjall\u00ebri qytetit, ekonomis\u00eb dhe jet\u00ebs shoq\u00ebrore. Paguajn\u00eb miliona euro qira n\u00eb Tiran\u00eb. <\/p>\n<p>Sa turp q\u00eb Tirana p\u00ebrfundoi n\u00eb duart e nj\u00eb individi t\u00eb till\u00eb! <\/p>\n<p>Sa fyerje p\u00ebr inteligjenc\u00ebn shqiptare t\u00eb ket\u00eb nj\u00eb kryebashkiak q\u00eb, sa her\u00eb hap goj\u00ebn g\u00ebnjen, q\u00eb sa her\u00eb firmos vjedh, q\u00eb edhe fotografit\u00eb i ka t\u00eb sajuara, me kulla q\u00eb i sheh gjith\u00eb Tirana, por vet\u00ebm n\u00eb fotot e tij zhduken.<\/p>\n<p>S\u00eb gjashti, Tirana duhej t\u00eb g\u00eblonte nga energjia e gati 1 milion\u00eb banor\u00ebve, duhej t\u00eb ishte nj\u00eb qytet vital ku secili t\u00eb ecte p\u00ebrpara me kushtet q\u00eb bashkia krijon, me leht\u00ebsit\u00eb q\u00eb pushteti vendor duhej t\u00eb ofronte. N\u00eb t\u00eb kund\u00ebrt, pjesa m\u00eb e madhe e qytetar\u00ebve lufton p\u00ebr mbijetes\u00eb, p\u00ebr t\u00eb mbyllur muajin. T\u00eb rinjt\u00eb nuk projektojn\u00eb dot t\u00eb ardhmen. Familjar\u00ebt nuk kan\u00eb ku t\u00eb d\u00ebrgojn\u00eb f\u00ebmij\u00ebt, se nuk ka m\u00eb nj\u00eb lulishte, nj\u00eb k\u00ebnd arg\u00ebtimi n\u00eb lagje, ku ka vet\u00ebm kulla, beton, e miliona t\u00eb p\u00ebrfituara apo t\u00eb pastruara nga klientela e Veliajt. <\/p>\n<p>Ky \u00ebsht\u00eb realiteti dhe e v\u00ebrteta e Tiran\u00ebs, por q\u00eb nuk e shihni n\u00eb kamerat e propagand\u00ebs. Prandaj zonja dhe zot\u00ebrinj, t\u00eb rinj, pensionist\u00eb, banor\u00eb t\u00eb Tiran\u00ebs, nga qendra deri n\u00eb fshatin m\u00eb t\u00eb skajsh\u00ebm, ju k\u00ebrkoj q\u00eb bashk\u00eb t\u2019i japim fund k\u00ebtij modeli politik! <\/p>\n<p>Un\u00eb nuk e pranoj dot k\u00ebt\u00eb model p\u00ebr Tiran\u00ebn. Ju e refuzuat k\u00ebt\u00eb model n\u00eb vitin 2019, kur dhe n\u00eb gar\u00eb me veten, Veliaj mori 6% t\u00eb votave t\u00eb qytetar\u00ebve, dhe kur mijra votat e pavlefshme t\u00eb administrat\u00ebs s\u00eb Bashkis\u00eb Tiran\u00eb, u manipuluan. <\/p>\n<p>S\u00eb fundmi, vendosem n\u00eb dispozicion t\u00eb plot\u00eb t\u00eb Partis\u00eb Demokratike, demokrat\u00ebve t\u00eb Tiran\u00ebs dhe koalicionit t\u00eb Opozit\u00ebs s\u00eb Bashkuar, p\u00ebr t\u2019i p\u00ebrfaq\u00ebsuar me dinjitet n\u00eb gar\u00ebn e primareve. Mb\u00ebshtetja juaj p\u00ebr mua \u00ebsht\u00eb besa q\u00eb m\u00eb jepni, dhe me bes\u00eb do t\u2019jua kthej.<\/p>\n<p>Un\u00eb dua t\u00eb dal p\u00ebrball\u00eb Erion Veliajt dhe bashk\u00eb me ju, ta mundim me vot\u00eb modelin e tij t\u00eb g\u00ebnjesht\u00ebrt, q\u00eb t\u00eb b\u00ebjm\u00eb transparenc\u00eb p\u00ebr t\u00eb gjitha vendimet e tij si kryebashkiak, nga 2015-a deri m\u00eb sot. Bashk\u00eb na duhet nj\u00eb angazhim i madh p\u00ebr t\u00eb sjell\u00eb k\u00ebtu nj\u00eb model krejt tjet\u00ebr. Nj\u00eb model q\u00eb i sh\u00ebrben njer\u00ebzve edhe n\u00ebse ata jan\u00eb n\u00eb periferi, edhe n\u00ebse nuk kan\u00eb truall p\u00ebr nd\u00ebrtim, edhe kur nuk kan\u00eb miq n\u00eb bashki.<\/p>\n<p>Nj\u00eb model q\u00eb b\u00ebn bashk\u00eb dhe q\u00eb nuk ndan. Na duhet nj\u00eb bashki q\u00eb sh\u00ebrben sepse e ka p\u00ebr detyr\u00eb, dhe jo se duhet t\u00eb dal\u00eb n\u00eb lajme. Nj\u00eb bashki q\u00eb konsultohet dhe merr parasysh interesat e nevojat e banor\u00ebve. Nj\u00eb bashki q\u00eb kontrollohet nga K\u00ebshilli bashkiak, q\u00eb kontrollohet nga mediat e nga qytetar\u00ebt p\u00ebr vendimet q\u00eb merr. Lypset nj\u00eb model ndryshe q\u00eb nxit t\u00eb rinjt\u00eb, profesionist\u00ebt, q\u00eb ofron mund\u00ebsi p\u00ebr familjet e reja, p\u00ebr strehim e shanse p\u00ebr t\u00eb ecur p\u00ebrpara. Na duhet nj\u00eb model q\u00eb vendos n\u00eb qend\u00ebr njeriun, qytetarin, mendimin dhe jo truallin e metrat katror\u00eb.<\/p>\n<p>S&#8217;ka m\u00eb koh\u00eb, ky model duhet t\u00eb bjer\u00eb! <\/p>\n<p>Shum\u00eb sakrifica, shum\u00eb para ka flijuar ky qytet p\u00ebr mirq\u00ebnien dhe karrier\u00ebn politike t\u00eb Veliajt. Mjaft m\u00eb! Nuk na duhet nj\u00eb pasarel\u00eb mode ku xix\u00ebllon kryetari gjith\u00eb koh\u00ebs, m\u00ebngjes, drek\u00eb, dark\u00eb.<\/p>\n<p>Na duhet t\u00eb sjellim n\u00eb plan t\u00eb par\u00eb njer\u00ebzit, qytetar\u00ebt e thjesht\u00eb, t\u00eb n\u00ebp\u00ebrk\u00ebmburit, ata q\u00eb jan\u00eb shumica e heshtur q\u00eb kamera nuk e fokuson kurr\u00eb. \u00cbsht\u00eb koha q\u00eb qytetar\u00ebt t\u00eb ndihen pjes\u00eb e asaj q\u00eb ndodh, t\u00eb ken\u00eb n\u00eb dor\u00eb t\u00eb ndikojn\u00eb p\u00ebr jet\u00ebn e tyre, e jo t\u00eb jen\u00eb nj\u00eb instrument n\u00eb duart e kryetarit, n\u00eb kalkulimet personale politike t\u00eb tij.<\/p>\n<p>Tirana ka potencial t\u00eb pafund\u00ebm p\u00ebr t\u00eb qen\u00eb qytet me sip\u00ebrmarrje, me ide novatore, ku biznesi i vog\u00ebl t\u00eb jet\u00eb n\u00eb qend\u00ebr t\u00eb v\u00ebmendjes, nj\u00eb qytet me energji, me shanse p\u00ebr t\u00eb gjith\u00eb. Me aj\u00ebr m\u00eb t\u00eb past\u00ebr. Nj\u00eb qytet m\u00eb i drejt\u00eb dhe me dinjitet. Nj\u00eb qytet miq\u00ebsor ndaj rinis\u00eb. Ku bashkia t\u00eb ofron nj\u00eb mb\u00ebshtetje, nj\u00eb krah, v\u00ebmendje dhe jo vet\u00ebm cizmen e policit bashkiak me bllokun e gjobave n\u00eb dor\u00eb.<\/p>\n<p>Tirana ka potencialin e jasht\u00ebzakonsh\u00ebm p\u00ebr tu zhvilluar e shk\u00eblqyer n\u00eb cdo lagje e n\u00eb cdo nj\u00ebsi. Por duh\u00ebt t\u00eb largojm\u00eb penges\u00ebn e madhe n\u00eb k\u00ebt\u00eb rrug\u00eb, q\u00eb \u00ebsht\u00eb pik\u00ebrisht kryetari aktual. Na duhet nj\u00eb model ku nuk shk\u00eblqen kryetari pas bliceve dhe kamerave dhe qelbet lagjja prej kazan\u00ebve dhe neglizhenc\u00ebs. Na duhet nj\u00eb model ku komunitetet shk\u00eblqejn\u00eb dhe kryetari b\u00ebn pun\u00ebt p\u00ebr t\u00eb cilat \u00ebsht\u00eb votuar.<\/p>\n<p>Ndaj, t\u00eb dashur miq,<\/p>\n<p>N\u00eb dit\u00ebt n\u00eb vijim do t\u00eb kem nj\u00eb program t\u00eb plot\u00eb, nj\u00eb alternativ\u00eb q\u00eb do t\u00eb konsolidohet rrug\u00ebs nga d\u00ebgjimi nga af\u00ebr i t\u00eb gjith\u00ebve.<\/p>\n<p>Ne e kemi fuqin\u00eb t\u00eb sjellim ndryshimin, sepse kjo fuqi \u00ebsht\u00eb n\u00eb dor\u00ebn tuaj, \u00ebsht\u00eb tek vota juaj.<\/p>\n<p>Mezi pres t\u00eb punoj nga af\u00ebr me demokrat\u00ebt n\u00eb k\u00ebto primare. Dhe n\u00ebse ata m\u00eb japin besimin, m\u00eb tej, me t\u00eb gjith\u00eb qytetar\u00ebt e Tiran\u00ebs, pa p\u00ebrjashtim me t\u00eb gjith\u00eb, do ta shkruajm\u00eb s\u00eb bashku Alternativ\u00ebn e Ndryshimit, Programin e Qeverisjes s\u00eb Mir\u00eb, Iden\u00eb p\u00ebr nj\u00eb Tiran\u00eb t\u00eb re q\u00eb KURRE nuk mendon ta zhb\u00ebj\u00eb tradit\u00ebn, Vizionin e nj\u00eb kryeqyteti q\u00eb \u00ebsht\u00eb n\u00eb krye sepse e kan\u00eb v\u00ebn\u00eb aty t\u00eb gjith\u00eb shqiptar\u00ebt, nga Veriu n\u00eb Jug, nga Per\u00ebndimi n\u00eb Lindje.  <\/p>\n<p>Nj\u00eb thirrje t\u00eb vecant\u00eb e kam p\u00ebr demokrat\u00ebt, sado e kudo qofshin, q\u00eb e gjejn\u00eb veten t\u00eb shmangur, q\u00eb shohin se ideja e tyre nuk banon e plot\u00eb te Partia Demokratike. Vet\u00ebm duke shk\u00ebmbyer mund t\u00eb pajtohemi. Vet\u00ebm duke u pajtuar mund t\u00eb sh\u00ebrohemi. Vet\u00ebm t\u00eb bashkuar mund t\u00eb punojm\u00eb p\u00ebr Tiran\u00ebn!<\/p>\n<p>\u00cbsht\u00eb koha q\u00eb bashkia t\u00eb punoj\u00eb p\u00ebr njer\u00ebzit dhe jo njer\u00ebzit p\u00ebr bashkin\u00eb!<\/p>\n<p>Ndaj me demokrat\u00ebt dhe qytetar\u00ebt e Tiran\u00ebs, ne do t\u00eb bashkohemi, si kurr\u00eb m\u00eb par\u00eb.<\/p>\n<p>Me energji t\u00eb jasht\u00ebzakonshme.<\/p>\n<p>Nga Myslym Shyri n\u00eb Ndroq,<\/p>\n<p>Nga Kombinati n\u00eb Zall Herr,<\/p>\n<p>Nga Blloku n\u00eb Kashar,<\/p>\n<p>Nga Brryli n\u00eb Selit\u00eb,<\/p>\n<p>Nga 21shi n\u00eb Baldushk,<\/p>\n<p>Nga Xhamlliku n\u00eb Dajt,<\/p>\n<p>Nga Don Bosko n\u00eb Babrru,<\/p>\n<p>Nga Ali Demi n\u00eb Sauk.<\/p>\n<p>Un\u00eb jam nj\u00eb kandidat i demokrat\u00ebve, por u shtrij dor\u00ebn t\u00eb gjith\u00eb qytetar\u00ebve, nga qendra e n\u00eb periferi, kudo, n\u00eb cdo rrug\u00eb, lagje e nj\u00ebsi, sepse Tirana duhet t\u00eb jet\u00eb e t\u00eb gjith\u00ebve!<\/p>\n<p>Bashk\u00eb ne do t\u00eb fitojm\u00eb.<\/p>\n","protected":false},"excerpt":{"rendered":"<p>Belind KELLI\u00c7I T\u00eb dashur qytetar\u00eb, Miq, demokrat\u00eb, T\u00eb rinj e t\u00eb reja, Zonja e zot\u00ebrinj, T\u00eb nderuar banor\u00eb t\u00eb Bashkis\u00eb Tiran\u00eb! Kam vendosur t\u00eb kandidoj n\u00eb k\u00ebto primare t\u00eb Partis\u00eb Demokratike, t\u00eb parat p\u00ebr forc\u00ebn ton\u00eb dhe p\u00ebr politik\u00ebn n\u00eb Shqip\u00ebri, prej t\u00eb cilave, me vot\u00ebn e an\u00ebtar\u00ebsis\u00eb dhe simpatizant\u00ebve, do t\u00eb zyrtarizohen kandidat\u00ebt e &hellip;<\/p>\n","protected":false},"author":4,"featured_media":27506,"comment_status":"open","ping_status":"open","sticky":false,"template":"","format":"standard","meta":{"footnotes":""},"categories":[37],"tags":[],"class_list":["post-27505","post","type-post","status-publish","format-standard","has-post-thumbnail","","category-politike"],"_links":{"self":[{"href":"https:\/\/rdnews.al\/index.php\/wp-json\/wp\/v2\/posts\/27505","targetHints":{"allow":["GET"]}}],"collection":[{"href":"https:\/\/rdnews.al\/index.php\/wp-json\/wp\/v2\/posts"}],"about":[{"href":"https:\/\/rdnews.al\/index.php\/wp-json\/wp\/v2\/types\/post"}],"author":[{"embeddable":true,"href":"https:\/\/rdnews.al\/index.php\/wp-json\/wp\/v2\/users\/4"}],"replies":[{"embeddable":true,"href":"https:\/\/rdnews.al\/index.php\/wp-json\/wp\/v2\/comments?post=27505"}],"version-history":[{"count":0,"href":"https:\/\/rdnews.al\/index.php\/wp-json\/wp\/v2\/posts\/27505\/revisions"}],"wp:featuredmedia":[{"embeddable":true,"href":"https:\/\/rdnews.al\/index.php\/wp-json\/wp\/v2\/media\/27506"}],"wp:attachment":[{"href":"https:\/\/rdnews.al\/index.php\/wp-json\/wp\/v2\/media?parent=27505"}],"wp:term":[{"taxonomy":"category","embeddable":true,"href":"https:\/\/rdnews.al\/index.php\/wp-json\/wp\/v2\/categories?post=27505"},{"taxonomy":"post_tag","embeddable":true,"href":"https:\/\/rdnews.al\/index.php\/wp-json\/wp\/v2\/tags?post=27505"}],"curies":[{"name":"wp","href":"https:\/\/api.w.org\/{rel}","templated":true}]}}