{"id":27668,"date":"2022-10-28T17:35:01","date_gmt":"2022-10-28T17:35:01","guid":{"rendered":"https:\/\/rdnews.al\/?p=27668"},"modified":"2022-10-28T17:35:41","modified_gmt":"2022-10-28T17:35:41","slug":"noka-denimi-i-frrokajt-pjese-e-fushates-se-rames-pse-nuk-hetohen-kryebashkiaket-e-rilindjes","status":"publish","type":"post","link":"https:\/\/rdnews.al\/index.php\/2022\/10\/28\/noka-denimi-i-frrokajt-pjese-e-fushates-se-rames-pse-nuk-hetohen-kryebashkiaket-e-rilindjes\/","title":{"rendered":"Noka: D\u00ebnimi i Frrokajt, pjes\u00eb e fushat\u00ebs s\u00eb Ram\u00ebs! Pse nuk hetohen kryebashkiak\u00ebt e Rilindjes?"},"content":{"rendered":"<p>Sekretari i P\u00ebrgjithsh\u00ebm i PD, Flamur Noka ka reaguar pas d\u00ebnimit t\u00eb ish-kryetarit t\u00eb Bashkis\u00eb s\u00eb Lezh\u00ebs, Fran Frrokaj. Noka e cil\u00ebkson k\u00ebt\u00eb d\u00ebnim si pjes\u00eb t\u00eb fushat\u00ebs s\u00eb Ram\u00ebs. N\u00eb reagimin e tij, Noka shtron pyetjen, pse nuk hetohen kryebashkiak\u00ebt e Rilindjes?<\/p>\n<p><strong>Reagimi i Nok\u00ebs<\/strong><\/p>\n<p>D\u00ebnimi i Fran Frrokajt sot nga gjykata, \u00ebsht\u00eb i d\u00ebshiruar nga qeveria dhe levat e Edi Ram\u00ebs, q\u00eb e kan\u00eb shtuar presionin ndaj bashkiak\u00ebve demokrat\u00eb n\u00eb vigjilje t\u00eb fushat\u00ebs p\u00ebr zgjedhjet vendore. Rama synon t\u00eb tremb\u00eb e t\u00eb pengoj\u00eb faktor\u00ebt opozitar\u00eb, nj\u00eb m\u00ebnyr\u00eb byzantine e njohur tanim\u00eb, e p\u00ebrdorur nga ai prej koh\u00ebsh.<\/p>\n<p>Nd\u00ebrkaq, nuk ka se si t\u00eb mos vihet re q\u00eb:<br \/>\n-Kryebashkiak\u00eb socialist\u00eb q\u00eb kan\u00eb sjell\u00eb falimentimin e nj\u00ebsive t\u00eb tyre vendore<\/p>\n<p>&#8211; Jan\u00eb p\u00ebrfshir\u00eb n\u00eb afer\u00ebn m\u00eb t\u00eb madhe korruptive n\u00eb vend, t\u00eb incenerator\u00ebve.<\/p>\n<p>&#8211; Nuk preken nga drejt\u00ebsia, madje jan\u00eb n\u00eb krye t\u00eb p\u00ebrpjekjes s\u00eb Rilindjes p\u00ebr t\u00eb mbajtur s\u00ebrish pushtetin me cdo kusht e me \u00e7do mjet.<\/p>\n<p>U b\u00ebj thirrje organeve t\u00eb drejt\u00ebsis\u00eb, e n\u00eb ve\u00e7anti SPAK-ut, t\u00eb shoh\u00eb e t\u00eb shqyrtoj\u00eb abuzimin dhe korrupsionin madhor t\u00eb shum\u00eb prej t\u00eb besuarve t\u00eb Ram\u00ebs n\u00ebp\u00ebr bashkit\u00eb e vendit!<br \/>\nMbrojtja kryeministrore q\u00eb u ofrohet atyre, nuk mund t\u00eb sjell\u00eb pand\u00ebshkueshm\u00ebri.<\/p>\n<p>Ligji duhet t\u00eb funksionoj\u00eb pa ndikim e pa selektim, nd\u00ebrsa drejt\u00ebsin\u00eb e v\u00ebrtet\u00eb do ta b\u00ebjn\u00eb qytetar\u00ebt me vot\u00ebn e tyre m\u00eb 14 Maj.<\/p>\n","protected":false},"excerpt":{"rendered":"<p>Sekretari i P\u00ebrgjithsh\u00ebm i PD, Flamur Noka ka reaguar pas d\u00ebnimit t\u00eb ish-kryetarit t\u00eb Bashkis\u00eb s\u00eb Lezh\u00ebs, Fran Frrokaj. Noka e cil\u00ebkson k\u00ebt\u00eb d\u00ebnim si pjes\u00eb t\u00eb fushat\u00ebs s\u00eb Ram\u00ebs. N\u00eb reagimin e tij, Noka shtron pyetjen, pse nuk hetohen kryebashkiak\u00ebt e Rilindjes? Reagimi i Nok\u00ebs D\u00ebnimi i Fran Frrokajt sot nga gjykata, \u00ebsht\u00eb i &hellip;<\/p>\n","protected":false},"author":4,"featured_media":27669,"comment_status":"open","ping_status":"open","sticky":false,"template":"","format":"standard","meta":{"footnotes":""},"categories":[37],"tags":[],"class_list":["post-27668","post","type-post","status-publish","format-standard","has-post-thumbnail","","category-politike"],"_links":{"self":[{"href":"https:\/\/rdnews.al\/index.php\/wp-json\/wp\/v2\/posts\/27668","targetHints":{"allow":["GET"]}}],"collection":[{"href":"https:\/\/rdnews.al\/index.php\/wp-json\/wp\/v2\/posts"}],"about":[{"href":"https:\/\/rdnews.al\/index.php\/wp-json\/wp\/v2\/types\/post"}],"author":[{"embeddable":true,"href":"https:\/\/rdnews.al\/index.php\/wp-json\/wp\/v2\/users\/4"}],"replies":[{"embeddable":true,"href":"https:\/\/rdnews.al\/index.php\/wp-json\/wp\/v2\/comments?post=27668"}],"version-history":[{"count":0,"href":"https:\/\/rdnews.al\/index.php\/wp-json\/wp\/v2\/posts\/27668\/revisions"}],"wp:featuredmedia":[{"embeddable":true,"href":"https:\/\/rdnews.al\/index.php\/wp-json\/wp\/v2\/media\/27669"}],"wp:attachment":[{"href":"https:\/\/rdnews.al\/index.php\/wp-json\/wp\/v2\/media?parent=27668"}],"wp:term":[{"taxonomy":"category","embeddable":true,"href":"https:\/\/rdnews.al\/index.php\/wp-json\/wp\/v2\/categories?post=27668"},{"taxonomy":"post_tag","embeddable":true,"href":"https:\/\/rdnews.al\/index.php\/wp-json\/wp\/v2\/tags?post=27668"}],"curies":[{"name":"wp","href":"https:\/\/api.w.org\/{rel}","templated":true}]}}