{"id":27738,"date":"2022-10-31T09:47:18","date_gmt":"2022-10-31T09:47:18","guid":{"rendered":"https:\/\/rdnews.al\/?p=27738"},"modified":"2022-10-31T09:47:18","modified_gmt":"2022-10-31T09:47:18","slug":"foltorja-ime-qytetari-5-vite-neper-dyert-e-institucioneve-per-pronen-time-asnje-zgjidhje","status":"publish","type":"post","link":"https:\/\/rdnews.al\/index.php\/2022\/10\/31\/foltorja-ime-qytetari-5-vite-neper-dyert-e-institucioneve-per-pronen-time-asnje-zgjidhje\/","title":{"rendered":"\u201cFoltorja ime\u201d\/ Qytetari: 5 vite n\u00ebp\u00ebr dyert e institucioneve p\u00ebr pron\u00ebn time, asnj\u00eb zgjidhje"},"content":{"rendered":"<p>Partia Demokratike vazhdoi tradit\u00ebn e Foltores s\u00eb hapur. K\u00ebt\u00eb her\u00eb ishte nj\u00eb qytetar nga Kor\u00e7a, i cili nga foltorja e PD, denoncoi institucionet vendore dhe qendrore, t\u00eb cilat nuk e pajisin me certifikat\u00eb pron\u00ebsie, si\u00e7 i takon me ligj.<\/p>\n<p>\u201cUn\u00eb jam Abedin Tyxhari 79 vje\u00e7 nga Korca, baba i 2 f\u00ebmij\u00ebve. Halli q\u00eb m\u00eb solli sot n\u00eb selin\u00eb e Partis\u00eb Demokratike, ku po b\u00ebj k\u00ebt\u00eb denoncim, lidhet me sorollatjen time prej 5 vitesh n\u00eb dyert e institucioneve vendore dhe qendrore.<\/p>\n<p>Nuk b\u00ebhet fjal\u00eb vet\u00ebm p\u00ebr zvarritje t\u00eb pambarimta, por edhe p\u00ebr mospajisjen me certifikat\u00eb pron\u00ebsie t\u00eb nj\u00eb prone q\u00eb m\u00eb takon me ligj n\u00eb qytetin e Kor\u00e7\u00ebs.<\/p>\n<p>Aplikimin e par\u00eb p\u00ebr t\u2019u pajisur me certifikat\u00eb pron\u00ebsie e kam b\u00ebr\u00eb n\u00eb 5 prill t\u00eb vitit 2017. Dua t\u2019ju b\u00ebj me dije se certifikata e pron\u00ebsis\u00eb p\u00ebr pron\u00ebn n\u00eb fjal\u00eb \u00ebsht\u00eb l\u00ebshuar q\u00eb n\u00eb qershor 2012, por un\u00eb ende nuk jam pajisur me t\u00eb. I jam drejtuar Zyr\u00ebs Kadastrale n\u00eb Kor\u00e7\u00eb, por nuk kam marr\u00eb asnj\u00eb p\u00ebrgjigje p\u00ebr k\u00ebt\u00eb. Un\u00eb zot\u00ebroj nj\u00eb kontrat\u00eb shitjeje t\u00eb rregullt, q\u00eb n\u00eb qershor t\u00eb vitit 1995, e lidhur mes meje dhe nj\u00eb ish-nd\u00ebrmarrjeje shtet\u00ebrore.<\/p>\n<p>Dua t\u00eb denoncoj zvarritjen e gjat\u00eb n\u00ebp\u00ebr dyert e institucioneve dhe t\u2019i b\u00ebj thirrje ASHK i cili ka p\u00ebr detyr\u00eb t\u00eb marr\u00eb masa p\u00ebr verifikimin e titujve t\u00eb pron\u00ebsis\u00eb dhe t\u00eb shmang\u00eb mbivendsojet dhe sorollatjet e pronar\u00ebve t\u00eb ligjsh\u00ebm.<\/p>\n<p>Un\u00eb e konsideroj abuzim dhe moszbatim t\u00eb ligjit k\u00ebt\u00eb zvarritje dhe k\u00ebrkoj t\u00eb drejt\u00ebn time sipas ligjeve n\u00eb fuqi.<\/p>\n<p>Dua t\u00eb falenderoj Partin\u00eb Demokratike, q\u00eb ka hapur dyert q\u00eb qytetar\u00ebt si puna ime t\u00eb ken\u00eb mund\u00ebsi t\u00eb denoncojn\u00eb shkeljet dhe abuzimet q\u00eb u b\u00ebhen\u201d, tha ai.<\/p>\n","protected":false},"excerpt":{"rendered":"<p>Partia Demokratike vazhdoi tradit\u00ebn e Foltores s\u00eb hapur. K\u00ebt\u00eb her\u00eb ishte nj\u00eb qytetar nga Kor\u00e7a, i cili nga foltorja e PD, denoncoi institucionet vendore dhe qendrore, t\u00eb cilat nuk e pajisin me certifikat\u00eb pron\u00ebsie, si\u00e7 i takon me ligj. \u201cUn\u00eb jam Abedin Tyxhari 79 vje\u00e7 nga Korca, baba i 2 f\u00ebmij\u00ebve. Halli q\u00eb m\u00eb solli &hellip;<\/p>\n","protected":false},"author":4,"featured_media":27739,"comment_status":"open","ping_status":"open","sticky":false,"template":"","format":"standard","meta":{"footnotes":""},"categories":[37],"tags":[],"class_list":["post-27738","post","type-post","status-publish","format-standard","has-post-thumbnail","","category-politike"],"_links":{"self":[{"href":"https:\/\/rdnews.al\/index.php\/wp-json\/wp\/v2\/posts\/27738","targetHints":{"allow":["GET"]}}],"collection":[{"href":"https:\/\/rdnews.al\/index.php\/wp-json\/wp\/v2\/posts"}],"about":[{"href":"https:\/\/rdnews.al\/index.php\/wp-json\/wp\/v2\/types\/post"}],"author":[{"embeddable":true,"href":"https:\/\/rdnews.al\/index.php\/wp-json\/wp\/v2\/users\/4"}],"replies":[{"embeddable":true,"href":"https:\/\/rdnews.al\/index.php\/wp-json\/wp\/v2\/comments?post=27738"}],"version-history":[{"count":0,"href":"https:\/\/rdnews.al\/index.php\/wp-json\/wp\/v2\/posts\/27738\/revisions"}],"wp:featuredmedia":[{"embeddable":true,"href":"https:\/\/rdnews.al\/index.php\/wp-json\/wp\/v2\/media\/27739"}],"wp:attachment":[{"href":"https:\/\/rdnews.al\/index.php\/wp-json\/wp\/v2\/media?parent=27738"}],"wp:term":[{"taxonomy":"category","embeddable":true,"href":"https:\/\/rdnews.al\/index.php\/wp-json\/wp\/v2\/categories?post=27738"},{"taxonomy":"post_tag","embeddable":true,"href":"https:\/\/rdnews.al\/index.php\/wp-json\/wp\/v2\/tags?post=27738"}],"curies":[{"name":"wp","href":"https:\/\/api.w.org\/{rel}","templated":true}]}}