{"id":27885,"date":"2022-11-01T18:01:23","date_gmt":"2022-11-01T18:01:23","guid":{"rendered":"https:\/\/rdnews.al\/?p=27885"},"modified":"2022-11-01T18:01:23","modified_gmt":"2022-11-01T18:01:23","slug":"berisha-statuti-i-11-dhjetorit-eshte-kushtetuta-e-pd-se-se-rithemeluar","status":"publish","type":"post","link":"https:\/\/rdnews.al\/index.php\/2022\/11\/01\/berisha-statuti-i-11-dhjetorit-eshte-kushtetuta-e-pd-se-se-rithemeluar\/","title":{"rendered":"Berisha: Statuti i 11 dhjetorit \u00ebsht\u00eb Kushtetuta e PD-s\u00eb s\u00eb Rithemeluar"},"content":{"rendered":"<p>Kryetari i Partis\u00eb Demokratike, Sali Berisha \u00ebsht\u00eb shprehur se, statuti i votuar nga demokrat\u00ebt n\u00eb 11 dhjetor 2021 \u00ebsht\u00eb Kushtetuta e Partis\u00eb s\u00eb Rithemeluar.<\/p>\n<p>\u201cStatuti i 11 dhjetorit \u00ebsht\u00eb kushtetuta e pathyeshme e PD-s\u00eb s\u00eb Rithemeluar.Statuti \u00ebsht\u00eb jasht\u00eb \u00e7do lloj kompetence p\u00ebr tu shkelmuar. Ai \u00ebsht\u00eb dokumenti baz\u00eb i PD-s\u00eb n\u00eb momentet kur ajo ndodhej p\u00ebrball\u00eb alternativ\u00ebs \u2018t\u00eb ishte apo jo\u2019. \u00cbsht\u00eb themeli i saj, mbi t\u00eb cil\u00ebn \u00ebsht\u00eb ngritur kjo forc\u00eb politike sot, m\u00eb e fuqishme se kurr\u00eb dhe m\u00eb e fuqishme se \u00e7do forc\u00eb politike.<\/p>\n<p>\u00cbsht\u00eb ky statut q\u00eb p\u00ebrb\u00ebn themelet e fitores n\u00eb zgjedhjet e 14 majit, por para saj leksionet historike q\u00eb do t\u00eb marr\u00eb \u00e7eta e vjedh\u00ebsve, hajdut\u00ebve t\u00eb Edi Ram\u00ebs nga qytetar\u00ebt shqiptar\u00eb.<\/p>\n<p>Sot un\u00eb kam nj\u00eb takim me kryetar\u00ebt e deg\u00ebve t\u00eb PD-s\u00eb s\u00eb Tiran\u00ebs, p\u00ebr t\u00eb dh\u00ebn\u00eb udh\u00ebzimet dhe p\u00ebr t\u00eb b\u00ebr\u00eb diskutimet p\u00ebr p\u00ebrgatitjet p\u00ebr protest\u00ebn e jasht\u00ebzakonshme.<\/p>\n<p>Ju nuk mund ta imagjinoni se sa zien sot n\u00eb t\u00eb 4-an\u00ebt e vendit urrejtja ndaj Edi Ram\u00ebs dhe band\u00ebs s\u00eb tij\u201d, u shpreh kreu i PD, Sali Berisha gjat\u00eb nj\u00eb deklarate p\u00ebr gazetar\u00ebt tek selia blu.<\/p>\n","protected":false},"excerpt":{"rendered":"<p>Kryetari i Partis\u00eb Demokratike, Sali Berisha \u00ebsht\u00eb shprehur se, statuti i votuar nga demokrat\u00ebt n\u00eb 11 dhjetor 2021 \u00ebsht\u00eb Kushtetuta e Partis\u00eb s\u00eb Rithemeluar. \u201cStatuti i 11 dhjetorit \u00ebsht\u00eb kushtetuta e pathyeshme e PD-s\u00eb s\u00eb Rithemeluar.Statuti \u00ebsht\u00eb jasht\u00eb \u00e7do lloj kompetence p\u00ebr tu shkelmuar. Ai \u00ebsht\u00eb dokumenti baz\u00eb i PD-s\u00eb n\u00eb momentet kur ajo ndodhej &hellip;<\/p>\n","protected":false},"author":4,"featured_media":27886,"comment_status":"open","ping_status":"open","sticky":false,"template":"","format":"standard","meta":{"footnotes":""},"categories":[37],"tags":[],"class_list":["post-27885","post","type-post","status-publish","format-standard","has-post-thumbnail","","category-politike"],"_links":{"self":[{"href":"https:\/\/rdnews.al\/index.php\/wp-json\/wp\/v2\/posts\/27885","targetHints":{"allow":["GET"]}}],"collection":[{"href":"https:\/\/rdnews.al\/index.php\/wp-json\/wp\/v2\/posts"}],"about":[{"href":"https:\/\/rdnews.al\/index.php\/wp-json\/wp\/v2\/types\/post"}],"author":[{"embeddable":true,"href":"https:\/\/rdnews.al\/index.php\/wp-json\/wp\/v2\/users\/4"}],"replies":[{"embeddable":true,"href":"https:\/\/rdnews.al\/index.php\/wp-json\/wp\/v2\/comments?post=27885"}],"version-history":[{"count":0,"href":"https:\/\/rdnews.al\/index.php\/wp-json\/wp\/v2\/posts\/27885\/revisions"}],"wp:featuredmedia":[{"embeddable":true,"href":"https:\/\/rdnews.al\/index.php\/wp-json\/wp\/v2\/media\/27886"}],"wp:attachment":[{"href":"https:\/\/rdnews.al\/index.php\/wp-json\/wp\/v2\/media?parent=27885"}],"wp:term":[{"taxonomy":"category","embeddable":true,"href":"https:\/\/rdnews.al\/index.php\/wp-json\/wp\/v2\/categories?post=27885"},{"taxonomy":"post_tag","embeddable":true,"href":"https:\/\/rdnews.al\/index.php\/wp-json\/wp\/v2\/tags?post=27885"}],"curies":[{"name":"wp","href":"https:\/\/api.w.org\/{rel}","templated":true}]}}