{"id":28077,"date":"2022-11-03T16:56:04","date_gmt":"2022-11-03T16:56:04","guid":{"rendered":"https:\/\/rdnews.al\/?p=28077"},"modified":"2022-11-03T16:56:04","modified_gmt":"2022-11-03T16:56:04","slug":"zhupa-alibeaj-sdo-gjeje-dot-61-kandidate-per-bashkite-vota-e-demokrateve-nuk-do-te-percahet","status":"publish","type":"post","link":"https:\/\/rdnews.al\/index.php\/2022\/11\/03\/zhupa-alibeaj-sdo-gjeje-dot-61-kandidate-per-bashkite-vota-e-demokrateve-nuk-do-te-percahet\/","title":{"rendered":"Zhupa: Alibeaj s\u2019do gjej\u00eb dot 61 kandidat\u00eb p\u00ebr bashkit\u00eb, vota e demokrat\u00ebve nuk do t\u00eb p\u00ebr\u00e7ahet"},"content":{"rendered":"<p>Deputetja e PD, Ina Zhupa deklaroi se grupimi q\u00eb mb\u00ebshtet Enkelejd Alibeajn, nuk do t\u00eb jet\u00eb n\u00eb gjendje p\u00ebr t\u00eb gjetur kandidat\u00eb p\u00ebr zgjedhjet e ardhshme lokale. N\u00eb nj\u00eb intervist\u00eb p\u00ebr Euronews Albania, Zhupa tha se, vota e demokrat\u00ebve nuk do t\u00eb p\u00ebr\u00e7ahet dhe se askush do t\u00eb votoj\u00eb p\u00ebr nj\u00eb person q\u00eb \u00ebsht\u00eb i destinuar t\u00eb humbas\u00eb n\u00eb zgjedhjet lokale. Ajo u shpreh se edhe vet\u00eb deputet\u00ebt bashk\u00eb me Enkelejd Alibeajn e din\u00eb shum\u00eb mir\u00eb q\u00eb nuk do t\u00eb fitojn\u00eb asgj\u00eb, por po e b\u00ebjn\u00eb t\u00eb gjith\u00ebn p\u00ebr t\u2019i prishur pun\u00eb PD-s\u00eb. Sipas Zhup\u00ebs, ky \u00ebsht\u00eb nj\u00eb plan i parap\u00ebrgatitur.<\/p>\n<p>\u201cEdhe ata e din\u00eb q\u00eb nuk kan\u00eb shans p\u00ebr t\u00eb fituar ndonj\u00eb\u00a0 bashki, por \u00ebsht\u00eb thjesht ideja p\u00ebr t\u00eb prishur pun\u00eb. Fare nuk do p\u00ebr\u00e7ahet vota e demokrat\u00ebve. E para, un\u00eb vazhdoj t\u00eb jem e bindur se n\u00eb k\u00ebto 6 muaj deri n\u00eb regjistrimin p\u00ebrfundimtar, nuk do ken\u00eb dot kandidat\u00eb p\u00ebr 61 bashki, se nuk do pranoj\u00eb njeri t\u00eb dal\u00eb kund\u00ebr demokrat\u00ebve dhe opozitar\u00ebve. Asnj\u00eb opozitar, asnj\u00eb demokrat nuk do t\u00eb votoj\u00eb nj\u00eb kandidat q\u00eb \u00ebsht\u00eb i destinuar t\u00eb jet\u00eb humb\u00ebs. Edhe ata e din\u00eb q\u00eb nuk kan\u00eb shans p\u00ebr t\u00eb fituar ndonj\u00eb\u00a0 bashki, por \u00ebsht\u00eb thjesht ideja p\u00ebr t\u00eb prishur pun\u00eb. T\u00eb jeni t\u00eb bindur q\u00eb nuk do t\u00eb gjejn\u00eb 61 kandidat\u00eb\u201d, theksoi ajo.<\/p>\n","protected":false},"excerpt":{"rendered":"<p>Deputetja e PD, Ina Zhupa deklaroi se grupimi q\u00eb mb\u00ebshtet Enkelejd Alibeajn, nuk do t\u00eb jet\u00eb n\u00eb gjendje p\u00ebr t\u00eb gjetur kandidat\u00eb p\u00ebr zgjedhjet e ardhshme lokale. N\u00eb nj\u00eb intervist\u00eb p\u00ebr Euronews Albania, Zhupa tha se, vota e demokrat\u00ebve nuk do t\u00eb p\u00ebr\u00e7ahet dhe se askush do t\u00eb votoj\u00eb p\u00ebr nj\u00eb person q\u00eb \u00ebsht\u00eb i &hellip;<\/p>\n","protected":false},"author":4,"featured_media":22608,"comment_status":"open","ping_status":"open","sticky":false,"template":"","format":"standard","meta":{"footnotes":""},"categories":[37],"tags":[],"class_list":["post-28077","post","type-post","status-publish","format-standard","has-post-thumbnail","","category-politike"],"_links":{"self":[{"href":"https:\/\/rdnews.al\/index.php\/wp-json\/wp\/v2\/posts\/28077","targetHints":{"allow":["GET"]}}],"collection":[{"href":"https:\/\/rdnews.al\/index.php\/wp-json\/wp\/v2\/posts"}],"about":[{"href":"https:\/\/rdnews.al\/index.php\/wp-json\/wp\/v2\/types\/post"}],"author":[{"embeddable":true,"href":"https:\/\/rdnews.al\/index.php\/wp-json\/wp\/v2\/users\/4"}],"replies":[{"embeddable":true,"href":"https:\/\/rdnews.al\/index.php\/wp-json\/wp\/v2\/comments?post=28077"}],"version-history":[{"count":0,"href":"https:\/\/rdnews.al\/index.php\/wp-json\/wp\/v2\/posts\/28077\/revisions"}],"wp:featuredmedia":[{"embeddable":true,"href":"https:\/\/rdnews.al\/index.php\/wp-json\/wp\/v2\/media\/22608"}],"wp:attachment":[{"href":"https:\/\/rdnews.al\/index.php\/wp-json\/wp\/v2\/media?parent=28077"}],"wp:term":[{"taxonomy":"category","embeddable":true,"href":"https:\/\/rdnews.al\/index.php\/wp-json\/wp\/v2\/categories?post=28077"},{"taxonomy":"post_tag","embeddable":true,"href":"https:\/\/rdnews.al\/index.php\/wp-json\/wp\/v2\/tags?post=28077"}],"curies":[{"name":"wp","href":"https:\/\/api.w.org\/{rel}","templated":true}]}}