{"id":28188,"date":"2022-11-04T11:51:15","date_gmt":"2022-11-04T11:51:15","guid":{"rendered":"https:\/\/rdnews.al\/?p=28188"},"modified":"2022-11-04T11:51:15","modified_gmt":"2022-11-04T11:51:15","slug":"protesta-berisha-i-qendrojme-parimeve-te-reagimit-brenda-spektrit-te-mosbindjes-civile","status":"publish","type":"post","link":"https:\/\/rdnews.al\/index.php\/2022\/11\/04\/protesta-berisha-i-qendrojme-parimeve-te-reagimit-brenda-spektrit-te-mosbindjes-civile\/","title":{"rendered":"Protesta\/ Berisha: I q\u00ebndrojm\u00eb parimeve t\u00eb reagimit brenda spektrit t\u00eb mosbindjes civile"},"content":{"rendered":"<p>Kryetari i PD, Sali Berisha, komentoi edhe protest\u00ebn e 12 n\u00ebntorit teksa fliste p\u00ebrpara gazetar\u00ebve n\u00eb konferenc\u00ebn e p\u00ebrjavshme. Berisha tha se, i q\u00ebndrojm\u00eb parimeve t\u00eb reagimit brenda spektrit t\u00eb mosbindjes civile.<\/p>\n<p>\u201cSe cili \u00ebsht\u00eb skenari i protest\u00ebs, do shpaloset gjat\u00eb protest\u00ebs.\u00a0Ne i q\u00ebndrojm\u00eb parimeve t\u00eb protestave brenda spektrit t\u00eb mosbindjes civile, q\u00eb \u00ebsht\u00eb e pranueshme n\u00eb manualet e protestave demokratike,\u201d\u00a0tha Berisha.<\/p>\n<p>\u201cKa nj\u00eb frym\u00eb urrejtje e revolte t\u00eb pap\u00ebrmbajtur. Njer\u00ebzit me padurim po presin dat\u00ebn 12.\u00a0Njer\u00ebzit thon\u00eb pse po vonohet kjo. Nj\u00eb situat\u00eb inkandeshente, m\u00eb mir\u00eb se kushdo tjet\u00ebr e ndjen Edi Rama q\u00eb shkon e struket n\u00eb strofulla.<\/p>\n<p>Ram\u00ebs i kujtoj q\u00eb ka pasur edhe 20 shkurt e mos e provoko popullin demokrat, kaq i them. Fitorja e opozit\u00ebs \u00ebsht\u00eb, duket.\u00a0Fitorja \u00ebsht\u00eb e sigurt. E ndoq\u00ebt debatin mbr\u00ebm\u00eb, krahasoni at\u00eb tjetrin me k\u00ebta t\u00eb tre q\u00eb u paraqit\u00ebn. \u00cbsht\u00eb si t\u00eb krahasosh nat\u00ebn me dit\u00ebn\u201d, tha Berisha.<\/p>\n<p>I pyetur se p\u00ebrse nuk ka kandidat\u00eb p\u00ebr primaret n\u00eb Elbasan dhe Durr\u00ebs, Berisha tha se, at\u00eb q\u00eb nuk e sjell ora, sjell dekika. Presim deri n\u00eb minut\u00ebn e fundit. Jam optimist.<\/p>\n","protected":false},"excerpt":{"rendered":"<p>Kryetari i PD, Sali Berisha, komentoi edhe protest\u00ebn e 12 n\u00ebntorit teksa fliste p\u00ebrpara gazetar\u00ebve n\u00eb konferenc\u00ebn e p\u00ebrjavshme. Berisha tha se, i q\u00ebndrojm\u00eb parimeve t\u00eb reagimit brenda spektrit t\u00eb mosbindjes civile. \u201cSe cili \u00ebsht\u00eb skenari i protest\u00ebs, do shpaloset gjat\u00eb protest\u00ebs.\u00a0Ne i q\u00ebndrojm\u00eb parimeve t\u00eb protestave brenda spektrit t\u00eb mosbindjes civile, q\u00eb \u00ebsht\u00eb e &hellip;<\/p>\n","protected":false},"author":4,"featured_media":28189,"comment_status":"open","ping_status":"open","sticky":false,"template":"","format":"standard","meta":{"footnotes":""},"categories":[37],"tags":[],"class_list":["post-28188","post","type-post","status-publish","format-standard","has-post-thumbnail","","category-politike"],"_links":{"self":[{"href":"https:\/\/rdnews.al\/index.php\/wp-json\/wp\/v2\/posts\/28188","targetHints":{"allow":["GET"]}}],"collection":[{"href":"https:\/\/rdnews.al\/index.php\/wp-json\/wp\/v2\/posts"}],"about":[{"href":"https:\/\/rdnews.al\/index.php\/wp-json\/wp\/v2\/types\/post"}],"author":[{"embeddable":true,"href":"https:\/\/rdnews.al\/index.php\/wp-json\/wp\/v2\/users\/4"}],"replies":[{"embeddable":true,"href":"https:\/\/rdnews.al\/index.php\/wp-json\/wp\/v2\/comments?post=28188"}],"version-history":[{"count":0,"href":"https:\/\/rdnews.al\/index.php\/wp-json\/wp\/v2\/posts\/28188\/revisions"}],"wp:featuredmedia":[{"embeddable":true,"href":"https:\/\/rdnews.al\/index.php\/wp-json\/wp\/v2\/media\/28189"}],"wp:attachment":[{"href":"https:\/\/rdnews.al\/index.php\/wp-json\/wp\/v2\/media?parent=28188"}],"wp:term":[{"taxonomy":"category","embeddable":true,"href":"https:\/\/rdnews.al\/index.php\/wp-json\/wp\/v2\/categories?post=28188"},{"taxonomy":"post_tag","embeddable":true,"href":"https:\/\/rdnews.al\/index.php\/wp-json\/wp\/v2\/tags?post=28188"}],"curies":[{"name":"wp","href":"https:\/\/api.w.org\/{rel}","templated":true}]}}