{"id":28431,"date":"2022-11-07T12:39:29","date_gmt":"2022-11-07T12:39:29","guid":{"rendered":"https:\/\/rdnews.al\/?p=28431"},"modified":"2022-11-07T12:39:29","modified_gmt":"2022-11-07T12:39:29","slug":"evdar-kodheli-prezanton-kandidaturen-ne-primaret-e-pd-per-bashkine-fier","status":"publish","type":"post","link":"https:\/\/rdnews.al\/index.php\/2022\/11\/07\/evdar-kodheli-prezanton-kandidaturen-ne-primaret-e-pd-per-bashkine-fier\/","title":{"rendered":"Evdar Kodheli prezanton kandidatur\u00ebn n\u00eb primaret e PD p\u00ebr Bashkin\u00eb Fier"},"content":{"rendered":"<p><strong>\u2022 Evdar Kodheli prezanton kandidatur\u00ebn n\u00eb primaret e Partis\u00eb Demokratike p\u00ebr Bashkin\u00eb Fier: E ndjej detyrim qytetar dhe politik pjes\u00ebmarjen n\u00eb nj\u00eb proces q\u00eb kthen vot\u00ebn, siguron transparenc\u00eb dhe meritokraci.<\/strong><\/p>\n<p>Un\u00eb jam Evdar Kodheli dhe kam vendosur t\u00eb hedh kandidatur\u00ebn p\u00ebr primaret e Partis\u00eb Demokratike p\u00ebr Bashkin\u00eb Fier.<\/p>\n<p>Jam diplomuar p\u00eb Ekonomi dhe kam ndjekur dhe p\u00ebrfunduar me sukses, gjate ketyre 22-viteve disa specilalizime pas-universitare duke u certifikuar dhe licensuar si kontabilist, auditues, ekspert fiskal etj.<br \/>\nPrej vitit 2005 dhe aktualisht drejtoj studion time.<br \/>\nS\u00eb bashku me familjaret e mi kam qene pjese e angazhimit politik ne PD qe ne vitet 90.<br \/>\nKam vendosur t\u00eb hedh kandidatur\u00ebn n\u00eb primaret e Partis\u00eb Demokratike p\u00ebr Bashkin\u00eb Fier, sepse e ndjej detyrim qytetar dhe politik pjes\u00ebmarjen n\u00eb nj\u00eb proces q\u00eb kthen vot\u00ebn. Un\u00eb besoj se vet\u00ebm n\u00ebp\u00ebrmjet vot\u00ebs s\u00eb lir\u00eb merr udh\u00eb edhe konkurenca e lire, e cila siguron transparence, meritokraci dhe hierarki.<br \/>\nKam vendosur t\u00eb kandidoj i sigurt se:<br \/>\nNuk ka me kohe per kedo qe e do atdheun , e do Shqiperine.<br \/>\nNuk ka me kohe te mendohemi se mbase ndryshimi vjen vete,<br \/>\nNuk ka me kohe te bejme spektatorin.<br \/>\nNuk ka me kohe te lejojme te kapemi nga politika e korruptuar.<br \/>\nNuk ka me kohe te drejtohemi nga pa-aftesia , neglizhenca , korrupsioni, dhe arroganca.<br \/>\nNuk ka me kohe te vazhdoje hemoragjia e largimit te te rinjve, zhvler\u00ebsimi i pedagogeve, mjek\u00ebve, apo cdo profesioni te lire.<br \/>\nGara eshte ajo qe perzgjedh me te mirin, me te kaulifikuarin per te bere ndryshimin e duhur.<br \/>\nKjo eshte arsyeja q\u00eb, si qyetar, si perkrahes i Partise Demokratike, si njeri i lire dhe pa paragjykime, apo i pakusht\u00ebzuar nga kund\u00ebrshtaret politik\u00eb, vendosa te garoj si kandidat ne PRIMARET qe organizon Partia Demokratike per Kryetarin e Bashkise Fier.<br \/>\nPrimaret do te shpalosin aftesite dhe kapacitetet e demokratit te ndershem , atij qe lufton jo per vete por per Shqiperine, per atdheun tone. Kjo eshte Partia Demokratike , parti qe nuk emeron ne tavolinen e kryetarit kandidatet, Parti me vizion , Parti me parime demokratike , dhe te drejte vote per kedo anetar apo dhe simpatizant.<br \/>\nFituesi do te jete me i miri, dhe ne garuesit do te jemi NJE me te cilido qoft\u00eb ai ose ajo, duke fituar p\u00ebrballjen me kundershtarin politik.<br \/>\nTe dashur bashkeqytetare, te kontribuojme seicili per ndryshimin e madh.<br \/>\nTe kthejme se bashku besimin, jo me fjale, por me politika konkrete zhvillimi ne baze te nje programi gjitheperfshires, per nje zhvillim me te madh, ne dobi te gjithe qytetareve fierake te p\u00ebrgatitur nga specialistet me te mire, sipas fushave perkatese.<br \/>\nMe k\u00ebt\u00eb rast, ftoj bashk\u00ebqytetar\u00ebt e mi fierak\u00eb dhe shqiptar\u00ebt, t\u00eb gjithe bashke, t\u00eb b\u00ebhemi pjes\u00eb e protestave, si forma demokratike e ngritjes s\u00eb z\u00ebrit, e kund\u00ebrshtimit t\u00eb shpopullimit, asimilimit, varf\u00ebrimit, per te fituar te drejtat tona si qytetare te lire, per te mos i larguar femijet tane nga atdheu yne, por per te bere nje atdhe me te mire dhe te denje per te gjithe shqiptaret.<br \/>\nYou sent<\/p>\n","protected":false},"excerpt":{"rendered":"<p>\u2022 Evdar Kodheli prezanton kandidatur\u00ebn n\u00eb primaret e Partis\u00eb Demokratike p\u00ebr Bashkin\u00eb Fier: E ndjej detyrim qytetar dhe politik pjes\u00ebmarjen n\u00eb nj\u00eb proces q\u00eb kthen vot\u00ebn, siguron transparenc\u00eb dhe meritokraci. Un\u00eb jam Evdar Kodheli dhe kam vendosur t\u00eb hedh kandidatur\u00ebn p\u00ebr primaret e Partis\u00eb Demokratike p\u00ebr Bashkin\u00eb Fier. Jam diplomuar p\u00eb Ekonomi dhe kam ndjekur &hellip;<\/p>\n","protected":false},"author":4,"featured_media":28432,"comment_status":"open","ping_status":"open","sticky":false,"template":"","format":"standard","meta":{"footnotes":""},"categories":[37],"tags":[],"class_list":["post-28431","post","type-post","status-publish","format-standard","has-post-thumbnail","","category-politike"],"_links":{"self":[{"href":"https:\/\/rdnews.al\/index.php\/wp-json\/wp\/v2\/posts\/28431","targetHints":{"allow":["GET"]}}],"collection":[{"href":"https:\/\/rdnews.al\/index.php\/wp-json\/wp\/v2\/posts"}],"about":[{"href":"https:\/\/rdnews.al\/index.php\/wp-json\/wp\/v2\/types\/post"}],"author":[{"embeddable":true,"href":"https:\/\/rdnews.al\/index.php\/wp-json\/wp\/v2\/users\/4"}],"replies":[{"embeddable":true,"href":"https:\/\/rdnews.al\/index.php\/wp-json\/wp\/v2\/comments?post=28431"}],"version-history":[{"count":0,"href":"https:\/\/rdnews.al\/index.php\/wp-json\/wp\/v2\/posts\/28431\/revisions"}],"wp:featuredmedia":[{"embeddable":true,"href":"https:\/\/rdnews.al\/index.php\/wp-json\/wp\/v2\/media\/28432"}],"wp:attachment":[{"href":"https:\/\/rdnews.al\/index.php\/wp-json\/wp\/v2\/media?parent=28431"}],"wp:term":[{"taxonomy":"category","embeddable":true,"href":"https:\/\/rdnews.al\/index.php\/wp-json\/wp\/v2\/categories?post=28431"},{"taxonomy":"post_tag","embeddable":true,"href":"https:\/\/rdnews.al\/index.php\/wp-json\/wp\/v2\/tags?post=28431"}],"curies":[{"name":"wp","href":"https:\/\/api.w.org\/{rel}","templated":true}]}}