{"id":28552,"date":"2022-11-08T12:09:17","date_gmt":"2022-11-08T12:09:17","guid":{"rendered":"https:\/\/rdnews.al\/?p=28552"},"modified":"2022-11-08T12:36:32","modified_gmt":"2022-11-08T12:36:32","slug":"padia-e-kushit-vokshi-akuzat-e-mia-jane-te-faktuara-arsimi-ne-rrezik-ne-12-nentor-te-gjithe-ne-shesh","status":"publish","type":"post","link":"https:\/\/rdnews.al\/index.php\/2022\/11\/08\/padia-e-kushit-vokshi-akuzat-e-mia-jane-te-faktuara-arsimi-ne-rrezik-ne-12-nentor-te-gjithe-ne-shesh\/","title":{"rendered":"Padia e Kushit\/ Vokshi: Akuzat e mia jan\u00eb t\u00eb faktuara, arsimi n\u00eb rrezik! N\u00eb 12 n\u00ebntor t\u00eb gjith\u00eb n\u00eb shesh"},"content":{"rendered":"<p>Deputetja e Partis\u00eb Demokratike, Albana Vokshi tha se, dhe sot Gjykata e Posa\u00e7me ka vendosur t\u00eb shtyj\u00eb seanc\u00ebn e gjyq\u00ebsore ndaj saj dhe ministres s\u00eb Arsimit Evis Kushi n\u00eb lidhje me denoncimin q\u00eb deputetja demokrate ka b\u00ebr\u00eb n\u00eb lidhje me testet e matur\u00ebs.<\/p>\n<p>Vokshi akuzonte ministres se stafi i saj ka nxjerr\u00eb tezat e provimeve dhe ua kan\u00eb dh\u00ebn\u00eb ato militant\u00ebve t\u00eb Partis\u00eb Socialiste. Vokshi deklaroi se seanca e radh\u00ebs \u00ebsht\u00eb caktuar m\u00eb dat\u00eb 22 n\u00ebntor dhe tha se s\u00ebrish do t\u00eb ishte vet\u00eb e pranishme.<\/p>\n<p>Deputetja demokrate theksoi se, denoncimi i saj \u201cp\u00ebr nxjerrjen e testeve nga ana e kabinetit t\u00eb ministres Kushi, duke jua dh\u00ebn\u00eb atyre militant\u00ebve, \u00ebsht\u00eb b\u00ebr\u00eb tashm\u00eb kat\u00ebrcip\u00ebrisht i v\u00ebrtetuar\u201d.<\/p>\n<p>Vokshi i ka b\u00ebr\u00eb thirrje prind\u00ebrve q\u00eb t\u00eb protestojn\u00eb n\u00eb dat\u00eb 12 n\u00ebntor pasi arsimi \u00ebsht\u00eb n\u00eb rrezik.<\/p>\n<p><strong>Vokshi:\u00a0<\/strong>Erdha p\u00ebrs\u00ebri personalisht n\u00eb gjykat\u00eb, n\u00eb respket t\u00eb koh\u00ebs dhe t\u00eb investimit edhe t\u00eb parave t\u00eb k\u00ebsaj gjykate p\u00ebr nj\u00eb padi q\u00eb n\u00eb fakt nuk ka \u00e7\u00ebshtje brenda.<\/p>\n<p>Denoncimi q\u00eb un\u00eb kam b\u00ebr\u00eb p\u00ebr nxjerrjen e testeve nga ana e kabinetit t\u00eb ministres Kushi, duke jua dh\u00ebn\u00eb atyre militant\u00ebve, \u00ebsht\u00eb b\u00ebr\u00eb tashm\u00eb kat\u00ebrcip\u00ebrisht i v\u00ebrtetuar. P\u00ebr fat t\u00eb keq edhe sot seanca nuk u krye. P\u00ebr her\u00eb t\u00eb dyt\u00eb \u00ebsht\u00eb pik\u00ebrisht organi i akuz\u00ebs i cili k\u00ebrkon shtyrje, sepse me\u00a0 \u00e7far\u00eb u informuam n\u00eb seanc\u00eb prokuror\u00ebt kan\u00eb nj\u00eb trajnim tjet\u00ebr.<\/p>\n<p>\u00cbsht\u00eb shtyr\u00eb p\u00ebr n\u00eb dat\u00eb 22, p\u00ebrs\u00ebri do vazhdoj t\u00eb jem vet\u00eb prezente edhe n\u00eb seanc\u00ebn e fundit p\u00ebr t\u2019i q\u00ebndruar deri n\u00eb fund denoncimeve q\u00eb un\u00eb kam b\u00ebr\u00eb. Pse? Sepse un\u00eb vazhdoj mendoj, vazhdoj shpresoj q\u00eb \u00e7do njeri sot ka arsye p\u00ebr t\u00eb protestuar. P\u00ebr t\u00eb potestuar sepse arsimi \u00ebsht\u00eb n\u00eb nivelin m\u00eb t\u00eb ul\u00ebt. Sepse 600 shkolla jan\u00eb mbyllur dhe me urdh\u00ebr t\u00eb Ram\u00ebs shkolla t\u00eb tjera po mbyllen.<\/p>\n<p>Pse? Sepse dhjet\u00ebra, mij\u00ebra f\u00ebmij\u00eb m\u00ebsojn\u00eb n\u00eb klasa kolektive. Rreth 100 mij\u00eb f\u00ebmij\u00eb m\u00ebsojn\u00eb me 2 apo 3 turne. Sot arsimi n\u00eb Shqip\u00ebri \u00ebsht\u00eb n\u00eb rrezik, ndaj duhet t\u00eb rezistojm\u00eb, duhet t\u00eb denoncojm\u00eb, duhet t\u00eb reagojm\u00eb, duhet t\u00eb protestojm\u00eb.<\/p>\n<p>Ndaj thirrja ime sot \u00ebsht\u00eb p\u00ebr t\u00eb gjith\u00eb prind\u00ebrit q\u00eb t\u00eb protestojn\u00eb. Thirrja ime sot \u00ebsht\u00eb p\u00ebr t\u00eb gjith\u00eb m\u00ebsuesit q\u00eb t\u00eb protestojn\u00eb. Pse? Sepse arsimi duhet shp\u00ebtuar. Ndaj n\u00eb 12 n\u00ebntor, t\u00eb gjith\u00eb n\u00eb shesh, p\u00ebr t\u00eb protestuar p\u00ebr arsimin q\u00eb \u00ebsht\u00eb n\u00eb rrezik. P\u00ebr t\u00eb protestuar p\u00ebr t\u00eb mbrojtur f\u00ebmij\u00ebt q\u00eb jan\u00eb n\u00eb rrezik. P\u00ebr t\u00eb mbrojtur familjet q\u00eb jan\u00eb n\u00eb rrezik. P\u00ebr t\u00eb mbrojtur shoq\u00ebrin\u00eb shqiptare q\u00eb \u00ebsht\u00eb n\u00eb rrezik.<\/p>\n<p>&nbsp;<\/p>\n","protected":false},"excerpt":{"rendered":"<p>Deputetja e Partis\u00eb Demokratike, Albana Vokshi tha se, dhe sot Gjykata e Posa\u00e7me ka vendosur t\u00eb shtyj\u00eb seanc\u00ebn e gjyq\u00ebsore ndaj saj dhe ministres s\u00eb Arsimit Evis Kushi n\u00eb lidhje me denoncimin q\u00eb deputetja demokrate ka b\u00ebr\u00eb n\u00eb lidhje me testet e matur\u00ebs. Vokshi akuzonte ministres se stafi i saj ka nxjerr\u00eb tezat e provimeve &hellip;<\/p>\n","protected":false},"author":4,"featured_media":28553,"comment_status":"open","ping_status":"open","sticky":false,"template":"","format":"standard","meta":{"footnotes":""},"categories":[40],"tags":[],"class_list":["post-28552","post","type-post","status-publish","format-standard","has-post-thumbnail","","category-aktualitet"],"_links":{"self":[{"href":"https:\/\/rdnews.al\/index.php\/wp-json\/wp\/v2\/posts\/28552","targetHints":{"allow":["GET"]}}],"collection":[{"href":"https:\/\/rdnews.al\/index.php\/wp-json\/wp\/v2\/posts"}],"about":[{"href":"https:\/\/rdnews.al\/index.php\/wp-json\/wp\/v2\/types\/post"}],"author":[{"embeddable":true,"href":"https:\/\/rdnews.al\/index.php\/wp-json\/wp\/v2\/users\/4"}],"replies":[{"embeddable":true,"href":"https:\/\/rdnews.al\/index.php\/wp-json\/wp\/v2\/comments?post=28552"}],"version-history":[{"count":0,"href":"https:\/\/rdnews.al\/index.php\/wp-json\/wp\/v2\/posts\/28552\/revisions"}],"wp:featuredmedia":[{"embeddable":true,"href":"https:\/\/rdnews.al\/index.php\/wp-json\/wp\/v2\/media\/28553"}],"wp:attachment":[{"href":"https:\/\/rdnews.al\/index.php\/wp-json\/wp\/v2\/media?parent=28552"}],"wp:term":[{"taxonomy":"category","embeddable":true,"href":"https:\/\/rdnews.al\/index.php\/wp-json\/wp\/v2\/categories?post=28552"},{"taxonomy":"post_tag","embeddable":true,"href":"https:\/\/rdnews.al\/index.php\/wp-json\/wp\/v2\/tags?post=28552"}],"curies":[{"name":"wp","href":"https:\/\/api.w.org\/{rel}","templated":true}]}}