{"id":29054,"date":"2022-11-12T19:16:24","date_gmt":"2022-11-12T19:16:24","guid":{"rendered":"https:\/\/rdnews.al\/?p=29054"},"modified":"2022-11-12T19:16:24","modified_gmt":"2022-11-12T19:16:24","slug":"berisha-partnereve-pa-voten-e-lire-ky-vend-nuk-do-jete-kurre-stabel-cdo-sakrifice-per-voten","status":"publish","type":"post","link":"https:\/\/rdnews.al\/index.php\/2022\/11\/12\/berisha-partnereve-pa-voten-e-lire-ky-vend-nuk-do-jete-kurre-stabel-cdo-sakrifice-per-voten\/","title":{"rendered":"Berisha-partner\u00ebve: Pa vot\u00ebn e lir\u00eb ky vend nuk do jet\u00eb kurr\u00eb stab\u00ebl, \u00e7do sakrific\u00eb p\u00ebr vot\u00ebn"},"content":{"rendered":"<p>Sali Berisha tha nga sheshi i protest\u00ebs para Kryeministris\u00eb se Shqip\u00ebria \u00ebsht\u00eb kthyer sot n\u00eb vend vasal vendimet e t\u00eb cil\u00ebs merren n\u00eb Beograd apo Ankara. <\/p>\n<p>Lideri i opozit\u00ebs u zotua se Shqip\u00ebria nuk do t\u00eb jet\u00eb m\u00eb vend vasal. Ai tha se partner\u00ebt duhet ta kuptojn\u00eb se Shqip\u00ebris\u00eb i duhet nj\u00eb vend sovran dhe jo vasal i t\u00eb tjer\u00ebve. <\/p>\n<p>&#8220;Shqip\u00ebria sot \u00ebsht\u00eb do t\u00eb thosha, vasale e t\u00eb tjer\u00ebve. Vendimet p\u00ebr shqiptar\u00ebt merren n\u00eb Beograd. Por merren edhe n\u00eb Ankara. Shkollat mbyllen, qeveritar\u00ebt shkarkohen, kopshtet mbyllen, me Beogradin, me v\u00ebllez\u00ebrit Kari\u00e7, merret porti i Durr\u00ebsit. T\u00eb gjitha k\u00ebto do marrin fund.<br \/>\nNe u themi partner\u00ebve tan\u00eb, se vet\u00ebm nj\u00eb Shqip\u00ebri sovrane, e respektuar, do mund t\u00eb q\u00ebndroj\u00eb n\u00eb p\u00ebrputhje me ligjin nd\u00ebrkomb\u00ebtar.<br \/>\nE v\u00ebrteta \u00ebsht\u00eb se n\u00eb k\u00ebt\u00eb m\u00ebnyr\u00eb si e trajtoni ju Shqip\u00ebrin\u00eb e Edi Ram\u00ebs, punoni kund\u00ebr miq\u00ebsis\u00eb, kund\u00ebr bashk\u00ebpunimit me Shqip\u00ebrin\u00eb dhe shqiptar\u00ebt. Sot kam nj\u00eb apel: n\u00eb rast se duan t\u00eb votojn\u00eb t\u00eb lir\u00eb, t\u00eb bashkohen me ne, n\u00eb betej\u00ebn ton\u00eb vendimtare, sepse ne jemi t\u00eb betuar t\u00eb b\u00ebjm\u00eb \u00e7do sakrific\u00eb p\u00ebr t\u00eb sjell\u00eb vot\u00ebn e lir\u00eb n\u00eb Shqip\u00ebri. Edi Rama, mos harro tradit\u00ebn e shqiptar\u00ebve p\u00ebr liri. Nuk po t\u2019i them sot, por merre me mend: mjer\u00eb ai q\u00eb prek lirin\u00eb e tyre, mjer\u00eb ai q\u00eb prek vot\u00ebn e tyre. Vot\u00ebn kurr\u00eb nuk ta falim. \u00c7do qytetar shqiptar, q\u00eb e do shpres\u00ebn, besimin te ky vend, t\u00eb bashkohet me ne, kund\u00ebr vras\u00ebsit t\u00eb shpres\u00ebs s\u00eb tyre, kund\u00ebr Edi Ram\u00ebs&#8221;, tha Berisha. <\/p>\n","protected":false},"excerpt":{"rendered":"<p>Sali Berisha tha nga sheshi i protest\u00ebs para Kryeministris\u00eb se Shqip\u00ebria \u00ebsht\u00eb kthyer sot n\u00eb vend vasal vendimet e t\u00eb cil\u00ebs merren n\u00eb Beograd apo Ankara. Lideri i opozit\u00ebs u zotua se Shqip\u00ebria nuk do t\u00eb jet\u00eb m\u00eb vend vasal. Ai tha se partner\u00ebt duhet ta kuptojn\u00eb se Shqip\u00ebris\u00eb i duhet nj\u00eb vend sovran dhe &hellip;<\/p>\n","protected":false},"author":4,"featured_media":29055,"comment_status":"open","ping_status":"open","sticky":false,"template":"","format":"standard","meta":{"footnotes":""},"categories":[37],"tags":[],"class_list":["post-29054","post","type-post","status-publish","format-standard","has-post-thumbnail","","category-politike"],"_links":{"self":[{"href":"https:\/\/rdnews.al\/index.php\/wp-json\/wp\/v2\/posts\/29054","targetHints":{"allow":["GET"]}}],"collection":[{"href":"https:\/\/rdnews.al\/index.php\/wp-json\/wp\/v2\/posts"}],"about":[{"href":"https:\/\/rdnews.al\/index.php\/wp-json\/wp\/v2\/types\/post"}],"author":[{"embeddable":true,"href":"https:\/\/rdnews.al\/index.php\/wp-json\/wp\/v2\/users\/4"}],"replies":[{"embeddable":true,"href":"https:\/\/rdnews.al\/index.php\/wp-json\/wp\/v2\/comments?post=29054"}],"version-history":[{"count":0,"href":"https:\/\/rdnews.al\/index.php\/wp-json\/wp\/v2\/posts\/29054\/revisions"}],"wp:featuredmedia":[{"embeddable":true,"href":"https:\/\/rdnews.al\/index.php\/wp-json\/wp\/v2\/media\/29055"}],"wp:attachment":[{"href":"https:\/\/rdnews.al\/index.php\/wp-json\/wp\/v2\/media?parent=29054"}],"wp:term":[{"taxonomy":"category","embeddable":true,"href":"https:\/\/rdnews.al\/index.php\/wp-json\/wp\/v2\/categories?post=29054"},{"taxonomy":"post_tag","embeddable":true,"href":"https:\/\/rdnews.al\/index.php\/wp-json\/wp\/v2\/tags?post=29054"}],"curies":[{"name":"wp","href":"https:\/\/api.w.org\/{rel}","templated":true}]}}