{"id":29060,"date":"2022-11-13T12:58:11","date_gmt":"2022-11-13T12:58:11","guid":{"rendered":"https:\/\/rdnews.al\/?p=29060"},"modified":"2022-11-13T13:43:39","modified_gmt":"2022-11-13T13:43:39","slug":"washington-post-revolte-ne-tirane-ndaj-korrupsionit-te-edi-rames","status":"publish","type":"post","link":"https:\/\/rdnews.al\/index.php\/2022\/11\/13\/washington-post-revolte-ne-tirane-ndaj-korrupsionit-te-edi-rames\/","title":{"rendered":"Washington Post: Revolt\u00eb n\u00eb Tiran\u00eb ndaj korrupsionit t\u00eb Edi Ram\u00ebs"},"content":{"rendered":"<p><strong>Washington Post<\/strong><\/p>\n<p>TIRANE, Shqip\u00ebri \u2014 Mij\u00ebra mb\u00ebshtet\u00ebs t\u00eb opozit\u00ebs shqiptare protestuan t\u00eb shtun\u00ebn kund\u00ebr kriz\u00ebs s\u00eb kostos s\u00eb jetes\u00ebs n\u00eb vend, duke e faj\u00ebsuar qeverin\u00eb p\u00ebr korrupsion.<br \/>\nMb\u00ebshtet\u00ebsit e opozit\u00ebs u mblodh\u00ebn para godin\u00ebs kryesore t\u00eb qeveris\u00eb, duke thirrur se kryeministri Edi Rama i Partis\u00eb Socialiste n\u00eb pushtet duhet t\u00eb jap\u00eb dor\u00ebheqjen.<br \/>\nProtesta ishte kryesisht paq\u00ebsore por n\u00eb fund disa thyen kordonin e policis\u00eb dhe sp\u00ebrkat\u00ebn boj\u00eb t\u00eb kuqe n\u00eb dyert kryesore t\u00eb godin\u00ebs s\u00eb qeveris\u00eb. T\u00eb tjer\u00eb ndez\u00ebn qirinj p\u00ebr t\u00eb kujtuar dy persona t\u00eb vrar\u00eb nga policia vitet e fundit.<br \/>\nPolicia nd\u00ebrhyri dhe t\u00eb pakt\u00ebn nj\u00eb protestues u largua. Shqip\u00ebria ka par\u00eb nj\u00eb rritje inflacioni prej 8% k\u00ebt\u00eb vit, ve\u00e7an\u00ebrisht p\u00ebr ushqimet baz\u00eb dhe karburantet pas pushtimit rus t\u00eb Ukrain\u00ebs. Mb\u00ebshtet\u00ebsit e opozit\u00ebs kan\u00eb faj\u00ebsuar gjithashtu Ram\u00ebn p\u00ebr mij\u00ebra t\u00eb rinj q\u00eb largohen \u00e7do vit nga vendi n\u00eb k\u00ebrkim t\u00eb nj\u00eb jete m\u00eb t\u00eb mir\u00eb.<br \/>\nProtesta u organizua nga Partia Demokratike e qendr\u00ebs s\u00eb djatht\u00eb t\u00eb opozit\u00ebs dhe mori pjes\u00eb lideri i saj Sali Berisha, nj\u00eb ish-president dhe kryeminist\u00ebr dhe ish-presidenti Ilir Meta, tani lider i Partis\u00eb s\u00eb Liris\u00eb.<br \/>\nShqip\u00ebria mban zgjedhjet bashkiake n\u00eb maj. Berisha u b\u00ebri thirrje shqiptar\u00ebve t\u00eb mb\u00ebshtesin opozit\u00ebn, e cila \u00ebsht\u00eb zotuar t\u00eb dyfishoj\u00eb pagat dhe pensionet n\u00ebse kthehet n\u00eb pushtet.<\/p>\n","protected":false},"excerpt":{"rendered":"<p>Washington Post TIRANE, Shqip\u00ebri \u2014 Mij\u00ebra mb\u00ebshtet\u00ebs t\u00eb opozit\u00ebs shqiptare protestuan t\u00eb shtun\u00ebn kund\u00ebr kriz\u00ebs s\u00eb kostos s\u00eb jetes\u00ebs n\u00eb vend, duke e faj\u00ebsuar qeverin\u00eb p\u00ebr korrupsion. Mb\u00ebshtet\u00ebsit e opozit\u00ebs u mblodh\u00ebn para godin\u00ebs kryesore t\u00eb qeveris\u00eb, duke thirrur se kryeministri Edi Rama i Partis\u00eb Socialiste n\u00eb pushtet duhet t\u00eb jap\u00eb dor\u00ebheqjen. Protesta ishte kryesisht &hellip;<\/p>\n","protected":false},"author":4,"featured_media":29061,"comment_status":"open","ping_status":"open","sticky":false,"template":"","format":"standard","meta":{"footnotes":""},"categories":[40],"tags":[],"class_list":["post-29060","post","type-post","status-publish","format-standard","has-post-thumbnail","","category-aktualitet"],"_links":{"self":[{"href":"https:\/\/rdnews.al\/index.php\/wp-json\/wp\/v2\/posts\/29060","targetHints":{"allow":["GET"]}}],"collection":[{"href":"https:\/\/rdnews.al\/index.php\/wp-json\/wp\/v2\/posts"}],"about":[{"href":"https:\/\/rdnews.al\/index.php\/wp-json\/wp\/v2\/types\/post"}],"author":[{"embeddable":true,"href":"https:\/\/rdnews.al\/index.php\/wp-json\/wp\/v2\/users\/4"}],"replies":[{"embeddable":true,"href":"https:\/\/rdnews.al\/index.php\/wp-json\/wp\/v2\/comments?post=29060"}],"version-history":[{"count":0,"href":"https:\/\/rdnews.al\/index.php\/wp-json\/wp\/v2\/posts\/29060\/revisions"}],"wp:featuredmedia":[{"embeddable":true,"href":"https:\/\/rdnews.al\/index.php\/wp-json\/wp\/v2\/media\/29061"}],"wp:attachment":[{"href":"https:\/\/rdnews.al\/index.php\/wp-json\/wp\/v2\/media?parent=29060"}],"wp:term":[{"taxonomy":"category","embeddable":true,"href":"https:\/\/rdnews.al\/index.php\/wp-json\/wp\/v2\/categories?post=29060"},{"taxonomy":"post_tag","embeddable":true,"href":"https:\/\/rdnews.al\/index.php\/wp-json\/wp\/v2\/tags?post=29060"}],"curies":[{"name":"wp","href":"https:\/\/api.w.org\/{rel}","templated":true}]}}