{"id":29108,"date":"2022-11-14T09:47:06","date_gmt":"2022-11-14T09:47:06","guid":{"rendered":"https:\/\/rdnews.al\/?p=29108"},"modified":"2022-11-14T09:48:18","modified_gmt":"2022-11-14T09:48:18","slug":"per-poezine-e-avni-ndreut-foli-elita-krijuese-dibrane","status":"publish","type":"post","link":"https:\/\/rdnews.al\/index.php\/2022\/11\/14\/per-poezine-e-avni-ndreut-foli-elita-krijuese-dibrane\/","title":{"rendered":"P\u00ebr poezin\u00eb e Avni Ndreut foli elita krijuese dibrane"},"content":{"rendered":"<p><strong><u>Nga Halil RAMA \u2013 Mjesht\u00ebr i Madh<\/u><\/strong><\/p>\n<p><img loading=\"lazy\" decoding=\"async\" class=\"alignnone wp-image-29110\" src=\"https:\/\/rdnews.al\/wp-content\/uploads\/2022\/11\/h-273x300.jpg\" alt=\"\" width=\"216\" height=\"237\" srcset=\"https:\/\/rdnews.al\/wp-content\/uploads\/2022\/11\/h-273x300.jpg 273w, https:\/\/rdnews.al\/wp-content\/uploads\/2022\/11\/h.jpg 728w\" sizes=\"auto, (max-width: 216px) 100vw, 216px\" \/><\/p>\n<p><strong>Redaktori, Prof.dr. Gafur Muka, shprehet se n\u00eb v\u00ebllimin \u201cGjurm\u00eb n\u00eb fjal\u00eb\u201d q\u00eb hapet me poezin\u00eb \u201cElegji\u201d kushtuar Haziz Ndreut, duket q\u00eb vargjet jan\u00eb shkruar me veneracion p\u00ebr gjith\u00eb vepr\u00ebn poliedrike t\u00eb babait, nga i cili ai trash\u00ebgon fantazin\u00eb krijuese, ritmin marramend\u00ebs dhe shpirtin poetik. Ndaj dhe krijimtaria poetike e Avniut \u00ebsht\u00eb n\u00eb rrjedh\u00ebn e t\u00eb atit, duke krijuar n\u00ebp\u00ebrmjet saj nj\u00eb \u201cod\u00eb poetike\u201d brenda sht\u00ebpis\u00eb s\u00eb babait<\/strong><\/p>\n<p>Opinioni i gjer\u00eb publik e ka njohur dhe e njeh m\u00eb shum\u00eb si artist, si k\u00ebrcimtarin e koreografin m\u00eb t\u00eb mir\u00eb t\u00eb qindra valleve me motive nga t\u00eb gjitha trevat e Shqip\u00ebis\u00eb e t\u00eb arb\u00ebresh\u00ebve t\u00eb Italis\u00eb. E njeh si nd\u00ebr themeluesit e udh\u00ebheq\u00ebsin artistik t\u00eb t\u00eb parit edicion t\u00eb \u201cOd\u00ebs dibrane\u201d dhe po ashtu si themeluesin dhe drejtuesin e Ansamblit Artistik \u201cHazis Ndreu\u201d- Nderi i Kombit, ansamb\u00ebl ky q\u00eb n\u00eb 10 vitet e fundit ka fituar dhjetra \u00e7mime t\u00eb para e trofe n\u00eb festivale komb\u00ebtare e nd\u00ebrkomb\u00ebtare, si n\u00eb Turqi, Ulqin, Shkup, Strug\u00eb, K\u00ebr\u00e7ov\u00eb\u2026. Ai \u00ebsht\u00eb vler\u00ebsuar me titujt \u201cQytetar Nderi\u201d i Peshkopis\u00eb, \u201cNderi i kultur\u00ebs dibrane\u201d, \u201cAmbasador \u00ef paqes\u201d, \u00ebsht\u00eb dekoruar nga Presidenti i Republik\u00ebs me titullin e lart\u00eb \u201cMJESHT\u00cbR I MADH\u201d. Ky \u00ebsht\u00eb Avni Hazis Ndreu\u2026. Pas gjith\u00eb k\u00ebtyre atributeve e titujve, Prof.Bujar Kapexhiu \u2013 Nderi i Kombit do ta kishte fare t\u00eb leht\u00eb fjal\u00ebn e tij n\u00eb promovimin e librit \u201cGjurm\u00eb n\u00eb fjal\u00eb\u201d: \u201cAvni Ndreu edhe poet!\u201d. Ndaj dhe n\u00eb em\u00ebr t\u00eb Kryesis\u00eb s\u00eb Shoqat\u00ebs \u201cBashk\u00ebsia Dibrane\u201d, si kryetar i saj, po n\u00eb k\u00ebt\u00eb eveniment do t\u2019i jepte Avni Ndreut \u201cMIR\u00cbNJOHJE\u201d, me motivacionin: <em style=\"font-weight: inherit;\">\u201cP\u00ebr kontributin e tij t\u00eb shquar n\u00eb fush\u00ebn e artit si koreograf i talentuar n\u00eb Ansamblin Popullor \u2018Hazis Ndreu\u2019, n\u00eb krijimin dhe zhvillimin e valles popullore, p\u00ebr suksesin e k\u00ebtij ansambli n\u00eb akivitetet komb\u00ebtare dhe nd\u00ebrkomb\u00ebtare, si fitues i shum\u00eb \u00e7mimeve dhe vler\u00ebsimeve p\u00ebr origjinalitetin dhe nivelin e lart\u00eb artistik\u201d.<\/em><\/p>\n<p style=\"font-style: var(--ricos-custom-p-font-style,unset); font-weight: var(--ricos-custom-p-font-weight,unset);\">Por t\u00eb premten e 11 n\u00ebntorit 2022, Avni Ndreu u promovua edhe si poet i shum\u00ebtalentuar. P\u00ebr poezin\u00eb e tij foli elita krijuese dibrane.<\/p>\n<p style=\"font-style: var(--ricos-custom-p-font-style,unset); font-weight: var(--ricos-custom-p-font-weight,unset);\">Po. N\u00eb promovimin e k\u00ebtij libri, (ku ka p\u00ebrmbledhur nj\u00eb t\u00eb dhjet\u00ebn e 1500 poezive t\u00eb publikuara gjat\u00eb nj\u00eb dekade n\u00eb faqen e tij n\u00eb facebook, t\u00eb komentuara e vler\u00ebsuara nga lexues t\u00eb shumt\u00eb), sall\u00ebn \u201cUNESCO\u201d t\u00eb Muzeut Historik Komb\u00ebtar n\u00eb Tiran\u00eb e kishte mbushur plot e p\u00ebrplot elita krijuese dibrane..dhe pse jo edhe ajo komb\u00ebtare\u2026dhe mes tyre dy deputet\u00ebt e Dibr\u00ebs Xhelal Mziu e Lavdrim Krrashi, kryebashkiaku Rahim Spahiu, prefekti Nexhbedin Shehu etj. P\u00ebrfaq\u00ebsues t\u00eb saj e vler\u00ebsuan poezin\u00eb e Avni H. Ndreut si poezi bashkkohore t\u00eb llojit e stilit t\u00eb ve\u00e7ant\u00eb.<\/p>\n<p style=\"font-style: var(--ricos-custom-p-font-style,unset); font-weight: var(--ricos-custom-p-font-weight,unset);\">Nj\u00ebri prej tyre, studjuesi i mir\u00ebfillt\u00eb i let\u00ebrsis\u00eb, nd\u00ebr kritik\u00ebt letrar\u00eb m\u00eb n\u00eb z\u00eb n\u00eb rang komb\u00ebtar, Xhezair Abazi-autor i librit famoz \u201cEzopi i Dibr\u00ebs\u201d si\u00e7 di t\u00eb vler\u00ebsoi vet\u00ebm Ai, foli gjer\u00eb e gjat\u00eb p\u00ebr dukurit\u00eb estetike n\u00eb poezin\u00eb e Avni Ndreut.<\/p>\n<p style=\"font-style: var(--ricos-custom-p-font-style,unset); font-weight: var(--ricos-custom-p-font-weight,unset);\">NJ\u00cb \u201cOD\u00cb POETIKE\u201d BRENDA SHT\u00cbPIS\u00cb S\u00cb BABAIT<\/p>\n<p style=\"font-style: var(--ricos-custom-p-font-style,unset); font-weight: var(--ricos-custom-p-font-weight,unset);\">Prof. Dr. Gafur Muka, redaktor i librit \u201cGjurm\u00eb n\u00eb fjal\u00eb\u201d, padyshim q\u00eb do t\u00eb prezantonte n\u00eb k\u00ebt\u00eb event analiz\u00ebn m\u00eb profesionale e kualitative. Sepse n\u00eb gjykimin e tij, t\u00eb shkruash poezi duhet ti krijosh ato n\u00ebp\u00ebrmjet proceseve: ndjej, mendoj, mbushem, guxoj dhe &#8230;shkruaj. Duke arsyetuar k\u00ebshtu, ai shpreh bindjen se: \u201cAvniu e ka ndjer\u00eb poezin\u00eb q\u00eb n\u00eb f\u00ebmij\u00ebrin\u00eb e tij, madje edhe menduar e recituar at\u00eb. Ai e ka d\u00ebgjuar fjal\u00ebn poezi n\u00eb nj\u00eb form\u00eb q\u00eb pak veta kan\u00eb fatin ta d\u00ebgjojn\u00eb: kur donte t\u00eb luante si kalama, kur i vinte p\u00ebr t\u00eb qar\u00eb apo p\u00ebr t\u00eb qeshur po si kalama atij i \u00ebsht\u00eb th\u00ebn\u00eb: pusho mor voc, ler\u00eb bab\u00ebn rehat se po shkruan! Dhe ai q\u00eb po shkruante ishte Hazis Ndreu. Dhe Hazis Ndreu ka shkruajtur edhe poezi. Dhe Avni Ndreu i ka lexuar her\u00ebt poezit\u00eb e tij. Ai i ka lexuar me z\u00eb e pa z\u00eb, i ka m\u00ebsuar p\u00ebrmend\u00ebsh, ua ka recituar edhe shok\u00ebve, kur ata ja kan\u00eb k\u00ebrkuar nj\u00eb gj\u00eb t\u00eb till\u00eb. Dhe k\u00ebshtu, Avniu e gjeti poezin\u00eb qysh kur ka qen\u00eb kalama. Por ai e ka gjetur poezin\u00eb ashtu si\u00e7 e shkruante Haziz Ndreu. Poeti yn\u00eb i sot\u00ebm ka d\u00ebgjuar t\u2019ja vlersojn\u00eb poezin\u00eb e t\u00eb atit shoq\u00ebria e tij, pastaj lexuesit e shumt\u00eb t\u00eb poezis\u00eb s\u00eb H. Ndreut deri dhe Drit\u00ebro Agolli. N\u00eb k\u00ebt\u00eb klim\u00eb, Avniu ka filluar t\u00eb krijoj\u00eb vargje e strofa, t\u00eb cilat gjithesi nuk ishin si ato t\u00eb babait. Ndaj, ai edhe kur i shkruante i griste dhe p\u00ebrpiqej t\u2019i harronte\u201d.<\/p>\n<p style=\"font-style: var(--ricos-custom-p-font-style,unset); font-weight: var(--ricos-custom-p-font-weight,unset);\">P\u00ebr redaktorin Muka, n\u00eb v\u00ebllimin \u201cGjurm\u00eb n\u00eb fjal\u00eb\u201d q\u00eb hapet me poezin\u00eb \u201cElegji\u201d kushtuar Haziz Ndreut, duket q\u00eb vargjet jan\u00eb shkruar me veneracion p\u00ebr gjith\u00eb vepr\u00ebn poliedrike t\u00eb babait, nga i cili ai trash\u00ebgon fantazin\u00eb krijuese, ritmin marramend\u00ebs dhe shpirtin poetik. Ndaj dhe prof.G.Muka vler\u00ebson q\u00eb krijimtaria poetike e Avniut \u00ebsht\u00eb n\u00eb rrjedh\u00ebn e t\u00eb atit, duke krijuar n\u00ebp\u00ebrmjet saj nj\u00eb \u201cod\u00eb poetike\u201d brenda sht\u00ebpis\u00eb s\u00eb babait.<\/p>\n<p style=\"font-style: var(--ricos-custom-p-font-style,unset); font-weight: var(--ricos-custom-p-font-weight,unset);\">\u201cDuke e lexuar v\u00ebllimin poetik \u2018Gjurm\u00eb n\u00eb fjal\u00eb\u2019 konstaton q\u00eb tematika e tij \u00ebsht\u00eb fort e larmishme. T\u00eb duket se je futur n\u00eb nj\u00eb bah\u00e7e me moll\u00eb dibre, ku jo vet\u00ebm pem\u00ebt por edhe kokrat jan\u00eb t\u00eb ndryshme edhe n\u00eb form\u00eb edhe n\u00eb shije. Aty gjen patrotizmin, profesionin, politik\u00ebn, dashurin\u00eb, idhnimin, p\u00eblqimin, ironin\u00eb, llafin n\u00ebn mutaf etj\u201d, tha nd\u00ebr t\u00eb tjera gjat\u00eb fjal\u00ebs s\u00eb tij Prof.dr.Gafur Muka. Pasi e ka skanuar k\u00ebt\u00eb lib\u00ebr, ai konkludon se \u201cPoezia e Avniut \u00ebsht\u00eb avniane (bio), \u00ebsht\u00eb racionale dhe \u00ebsht\u00eb e sinqert\u00eb. Poezia e Avniut nuk ka formatim tematik, nuk ka metrik\u00eb t\u00eb ngurt\u00eb apo rimim standard e klasik. Ajo \u00ebsht\u00eb poezi e ndjenj\u00ebs spontane, e kualifikimit cil\u00ebsor t\u00eb ndjenj\u00ebs, e konvergjenc\u00ebs racionale poetike\u201d. Po, prof.Muka ka t\u00eb drejt\u00eb kur shprehet se \u201cEdhe pse neve dibran\u00ebve kjo poezi na p\u00ebrthith si dibran\u00eb ajo \u00ebsht\u00eb poezi p\u00ebrthith\u00ebse p\u00ebr t\u00eb gjith\u00eb ata q\u00eb shqiptojn\u00eb fjal\u00ebn VENDLINDJE\u201d.<\/p>\n<p style=\"font-style: var(--ricos-custom-p-font-style,unset); font-weight: var(--ricos-custom-p-font-weight,unset);\">POEZI ME NUANCA LIRIKE<\/p>\n<p style=\"font-style: var(--ricos-custom-p-font-style,unset); font-weight: var(--ricos-custom-p-font-weight,unset);\">Si autor i k\u00ebtyre radh\u00ebve ndjehem i vler\u00ebsuar nga organizator\u00ebt e k\u00ebtij eventi, p\u00ebr faktin q\u00eb n\u00eb programin e tij kishin planifikuar q\u00eb edhe un\u00eb t\u00eb shprehja vler\u00ebsimin tim p\u00ebr nuancat lirike n\u00eb poezin\u00eb e Avniut.<\/p>\n<p style=\"font-style: var(--ricos-custom-p-font-style,unset); font-weight: var(--ricos-custom-p-font-weight,unset);\">K\u00ebto nuanca i ndeshim pothuajse n\u00eb t\u00ebr\u00ebsin\u00eb e l\u00ebnd\u00ebs s\u00eb k\u00ebtij v\u00ebllimi me titullin sinjifikativ \u00ab<em style=\"font-weight: inherit;\">Gjurm\u00eb n\u00eb fjal\u00eb<\/em> \u00bb . Ato na vijn\u00eb si : \u00ab<em style=\"font-weight: inherit;\">arom\u00eb luleshqerre e arom\u00eb lulebore\/, shtruar n\u00eb odat e burrave\/ n\u00eb t\u00eb sertat kulla mal\u00ebsore<\/em>\u2026 \u00bb q\u00eb n\u00eb fillimin e librit, me elegjin\u00eb kushtuar Nderit t\u00eb Kombit Hazis Ndreu \u2013 krenari dibrane dhe mbar\u00ebkomb\u00ebtare, p\u00ebr vet\u00eb trash\u00ebgimin\u00eb letrare, kulturore, artistike e studimore, n\u00eb shtratin e s\u00eb cil\u00ebs ec\u00ebn mir\u00ebfilli, i biri Avniu \u2013 Mjesht\u00ebr i Madh.<\/p>\n<p style=\"font-style: var(--ricos-custom-p-font-style,unset); font-weight: var(--ricos-custom-p-font-weight,unset);\">Ky poet tashm\u00eb i mir\u00ebnjohur, pasi prej vitesh ka prezantuar krijimtarin\u00eb e tij n\u00eb rrjetet sociale, e finalizon at\u00eb me k\u00ebt\u00eb v\u00ebllim, ku n\u00eb dhjetra poezi shfaq lirizmin n\u00ebp\u00ebrmjet p\u00ebrjetimeve t\u00eb veta si: g\u00ebzimeve, d\u00ebshirave, shpresave, vuajtjeve dhe zhg\u00ebnjimeve.<\/p>\n<p style=\"font-style: var(--ricos-custom-p-font-style,unset); font-weight: var(--ricos-custom-p-font-weight,unset);\">K\u00ebsisoj, nuancat lirike dallohen n\u00eb poezin\u00eb \u00ab<em style=\"font-weight: inherit;\">Ata sy\/Ajo vetull harkuar\/Si gjerdan\/ Trup e shpirt zbukuruar <\/em>\u00bb.. ku risi jan\u00eb strofa me vargje dy e kat\u00ebr fjal\u00ebshe, poezi kjo e llojit dhe stilit t\u00eb ve\u00e7ant\u00eb, mjaft\u00eb e p\u00eblqyer dhe preferuar nga lexuesi.<\/p>\n<p style=\"font-style: var(--ricos-custom-p-font-style,unset); font-weight: var(--ricos-custom-p-font-weight,unset);\">Po n\u00eb k\u00ebt\u00eb linj\u00eb \u00ebsht\u00eb edhe poezia \u00ab<em style=\"font-weight: inherit;\">QESH <\/em>\u00bb, ku Avni Ndreu me nota lirike filozofon me t\u00eb qeshur\u00ebn, spse sipas tij :<\/p>\n<p style=\"font-style: var(--ricos-custom-p-font-style,unset); font-weight: var(--ricos-custom-p-font-weight,unset);\"><em style=\"font-weight: inherit;\">\u00ab E qeshura\/ Dhe diellit\/ i jep\/ shk\u00eblqim..\/ Jet\u00ebs\/ Hare\/ Gaz\/ kuptim\u2026 \u00bb. <\/em><\/p>\n<p style=\"font-style: var(--ricos-custom-p-font-style,unset); font-weight: var(--ricos-custom-p-font-weight,unset);\">Por m\u00eb t\u00eb spikatura jan\u00eb nuancat lirike n\u00eb poezit\u00eb e identifikuara nga vet\u00eb autori, si t\u00eb tilla, nga t\u00eb cilat ve\u00e7ojm\u00eb ato me titull: \u201c<em style=\"font-weight: inherit;\">FUSHA E KORABIT\u00bb, \u00abSTINA E DASMAVE\u00bb, \u00abVAL\u00cbZ E JONIT\u00bb, \u00abLIQENI MAGJI \u00bb, \u00abDILEM\u00cb BUKURIE\u00bb, \u00abJU T\u00cb DY\u00bb, \u00abCUC\u00cb E DIBR\u00cbS\u00bb<\/em>,etj.<\/p>\n<p style=\"font-style: var(--ricos-custom-p-font-style,unset); font-weight: var(--ricos-custom-p-font-weight,unset);\">Nd\u00ebrkoh\u00eb mund t\u00eb konsiderojm\u00eb si perla poetike poezit\u00eb e Avni Ndreut t\u00eb mb\u00ebshtetura n\u00eb motivet popullore, si \u00abNUSEH\u00cbNA\u00bb, \u00abCUC\u00cbMIRA\u00bb, \u00abSHEJTANK\u00cb\u00bb, \u00ab\u00c7IK\u00cb E KOSOV\u00cbS\u00bb, \u00abBUZ\u00cb E SY\u00bb, \u00abKUJT TI FALEM\u00bb etj.<\/p>\n<p style=\"font-style: var(--ricos-custom-p-font-style,unset); font-weight: var(--ricos-custom-p-font-weight,unset);\">K\u00ebsisoj, poezia e Avni Ndreut, e menduar lirisht dhe shkruar profesionalisht, paraqitet si nj\u00eb nga ve\u00e7antit\u00eb n\u00eb poezin\u00eb moderne shqipe.<\/p>\n<p style=\"font-style: var(--ricos-custom-p-font-style,unset); font-weight: var(--ricos-custom-p-font-weight,unset);\">Poezia e tij \u00ebsht\u00eb prezantimi m\u00eb i ndjesh\u00ebm i nj\u00eb m\u00ebvet\u00ebsie estetike t\u00eb rrafshit t\u00eb ep\u00ebrm, \u00ebsht\u00eb lodrimi me fjal\u00ebn n\u00eb t\u00ebr\u00ebsi, si figur\u00eb dhe si mendim, \u00ebsht\u00eb nj\u00eb dremitje e \u00ebmb\u00ebl n\u00ebp\u00ebr metafora, si\u00e7 \u00ebsht\u00eb kompozimi artistik i nj\u00eb jete t\u00eb plot\u00eb njer\u00ebzore, t\u00eb nj\u00eb jete me nj\u00eb p\u00ebrditshm\u00ebri mungesash q\u00eb e trishtojn\u00eb dhe e b\u00ebjn\u00eb t\u00eb vuaj\u00eb poetin.<\/p>\n<p style=\"font-style: var(--ricos-custom-p-font-style,unset); font-weight: var(--ricos-custom-p-font-weight,unset);\">VARGUi Avni Ndreut \u00ebsht\u00eb bio n\u00eb \u00e7do vjersh\u00eb&#8230;\/ Edhe kur na e ringjall t\u00eb Madhin Hazis Ndreu&#8230;.\/ Edhe kur jeton me Dibr\u00ebn nga agim n\u00eb agim&#8230;\/ VARGU i tij\u2026\/ I \u00ebmb\u00ebl\u2026\/ I but\u00eb\u2026\/ NJER\u00cbZOR\u2026<\/p>\n<p style=\"font-style: var(--ricos-custom-p-font-style,unset); font-weight: var(--ricos-custom-p-font-weight,unset);\">Vargu i tij \u00ebsht\u00eb bio\u2026\/ Edhe kur varg\u00ebzon aq bukur p\u00ebr dr.Benin&#8230;\/ Edhe kur uron t\u00eb bij\u00ebn p\u00ebr dit\u00eblindje\u2026\/ Edhe kur t\u00eb dashur\u00ebs i thot\u00eb: \u00c7&#8217;t\u00eb kam b\u00ebr\u00eb?!!!<\/p>\n<p style=\"font-style: var(--ricos-custom-p-font-style,unset); font-weight: var(--ricos-custom-p-font-weight,unset);\">Ja pra, pse \u00ebsht\u00eb kaq madh\u00ebshtor ky poet i k\u00ebng\u00ebs\u2026<\/p>\n<p style=\"font-style: var(--ricos-custom-p-font-style,unset); font-weight: var(--ricos-custom-p-font-weight,unset);\">VARGU i tij t\u00eb magjeps..\/ Kur shkruan &#8220;P\u00cbR ATA SY&#8221;\u2026\/ Ashtu si\u00e7 t\u00eb mall\u00ebngjen\/ tek &#8220;Poezit\u00eb e Drinit&#8221;&#8230;<\/p>\n<p style=\"font-style: var(--ricos-custom-p-font-style,unset); font-weight: var(--ricos-custom-p-font-weight,unset);\">Ai luan me val\u00ebn..\/ Dhe puth shtojzavalle&#8230;\/ Kur shkruan p\u00ebr Rozaf\u00ebn\u2026\/Dhe Cucat e Dardh\u00ebs\u2026.<\/p>\n<p style=\"font-style: var(--ricos-custom-p-font-style,unset); font-weight: var(--ricos-custom-p-font-weight,unset);\">VARGU i Avni Ndreut \u00ebsht\u00eb bio\u2026\/ Edhe kur rebelohet\u2026P\u00ebr Mosmir\u00ebnjohje&#8221;&#8230;&#8230;..<\/p>\n<p style=\"font-style: var(--ricos-custom-p-font-style,unset); font-weight: var(--ricos-custom-p-font-weight,unset);\">VARGU i tij bio..\/ Na sjell arom\u00ebn deh\u00ebse t\u00eb blirit\u2026\/ Nga bulevardi i \u00ebndrrave dhe shpres\u00ebs\u2026..\/ Dhe flladin\u2026\/ Nga Fush&#8217; e Korabit\u2026\/ Her\u00eb me z\u00eb bilbili\u2026\/ Her\u00eb me magji kavalli&#8230;<\/p>\n<p style=\"font-style: var(--ricos-custom-p-font-style,unset); font-weight: var(--ricos-custom-p-font-weight,unset);\">Ja, pra: Ky \u00ebsht\u00eb &#8220;poeti bio&#8221; AVNI HAZIS NDREU&#8230;<\/p>\n<p style=\"font-style: var(--ricos-custom-p-font-style,unset); font-weight: var(--ricos-custom-p-font-weight,unset);\">POETI Q\u00cb T\u00cb DETYRON T\u00cb PUNOSH P\u00cbR LIBRIN ME P\u00cbRKUSHTIM, PASION DHE DASHURI<\/p>\n<p style=\"font-style: var(--ricos-custom-p-font-style,unset); font-weight: var(--ricos-custom-p-font-weight,unset);\">Nj\u00eb tjet\u00ebr em\u00ebr i mir\u00ebnjohur n\u00eb fush\u00ebn e botimeve, Bujar Karoshi \u2013 themelues dhe drejtues i \u201cM&amp;B\u201d, botuese e librave t\u00eb m\u00eb shum\u00eb se 300 autor\u00ebve t\u00eb njohur, jo vet\u00ebm dibran\u00eb por nga e gjith\u00eb Shqip\u00ebria, pasi e falenderoi Aviun p\u00ebr besimin q\u00eb pati p\u00ebr botimin e librit \u201cGjurm\u00eb n\u00eb fjal\u00eb\u201d e vler\u00ebsoi at\u00eb si nj\u00ebrin nga bashk\u00ebpun\u00ebtor\u00ebt m\u00eb t\u00eb mir\u00eb n\u00eb nj\u00eb proces botimi. Kjo sipas tij, p\u00ebr faktin se ky autor t\u00eb jep besim dhe t\u00eb vendos n\u00eb nj\u00eb pozicion q\u00eb t\u00eb detyron t\u00eb punosh p\u00ebr librin me p\u00ebrkushtim, pasion dhe dashuri.<\/p>\n<p style=\"font-style: var(--ricos-custom-p-font-style,unset); font-weight: var(--ricos-custom-p-font-weight,unset);\">\u201cAjo q\u00eb dua t\u00eb evidentoj te Avniu \u00ebsht\u00eb k\u00ebmb\u00ebngula e tij, puna e tij e madhe p\u00ebr t\u00eb qen\u00eb dikush, p\u00ebr t\u00eb qen\u00eb nj\u00eb em\u00ebr n\u00eb fush\u00ebn e kultur\u00ebs dhe tradit\u00ebs popullore. Dhe k\u00ebt\u00eb e ka arritur, pasi me grupin e tij t\u00eb valleve po p\u00ebrfaq\u00ebson Shqip\u00ebrin\u00eb ne aren\u00ebn nd\u00ebrkomb\u00ebtare.<\/p>\n<p style=\"font-style: var(--ricos-custom-p-font-style,unset); font-weight: var(--ricos-custom-p-font-weight,unset);\">Por Avniu, p\u00ebrmes pun\u00ebs, ka zgjidhur edhe nj\u00eb nga dilemat e m\u00ebdha q\u00eb shpesh b\u00ebhej n\u00eb odat dibrane: Se cila \u00ebsht\u00eb m\u00eb e v\u00ebshtir\u00eb, me qen\u00eb baba i mir\u00eb apo djal\u00eb i mir\u00eb.<\/p>\n<p style=\"font-style: var(--ricos-custom-p-font-style,unset); font-weight: var(--ricos-custom-p-font-weight,unset);\">Avniun, si\u00e7 e thot\u00eb edhe n\u00eb nj\u00eb nga vjershat e tij, e ka shoq\u00ebruar emri i mir\u00eb i babait gjat\u00eb gjith\u00eb jet\u00ebs &#8211; dhe do vazhdoj\u00eb ta shoq\u00ebroj\u00eb sa t\u00eb jet\u00eb gjall\u00eb, por vet\u00eb \u00ebsht\u00eb b\u00ebr\u00eb edhe m\u00eb i mir\u00eb, sepse ka vazhduar tradit\u00ebn e babait, duke mos l\u00ebn\u00eb t\u00eb humbas\u00eb as emri dhe as puna e Hazisit.<\/p>\n<p style=\"font-style: var(--ricos-custom-p-font-style,unset); font-weight: var(--ricos-custom-p-font-weight,unset);\">Dhe kjo e dyta, pra puna, \u00ebsht\u00eb nj\u00eb e mir\u00eb komb\u00ebtare, e cila do t\u00eb b\u00ebj\u00eb q\u00eb t\u00eb mos harrohet edhe emri i Avni Ndreut\u201d,- e mbylli fjal\u00ebn e tij Bujar Karoshi.<\/p>\n<p style=\"font-style: var(--ricos-custom-p-font-style,unset); font-weight: var(--ricos-custom-p-font-weight,unset);\">Pas tij, aktori dhe regjisori i mir\u00ebnjohur i dhjetra dokumentar\u00ebve televiziv\u00eb n\u00eb RTVSH, Llesh Nikolla \u2013 Mjesht\u00ebr i Madh, me interpretimin mjesht\u00ebror t\u00eb disa poezive t\u00eb poetit Avni Ndreu, ngriti pesh\u00eb dhe ngjalli emocione tek m\u00eb shum\u00eb se 200 pjes\u00ebmarr\u00ebsit n\u00eb k\u00ebt\u00eb promovim.<\/p>\n<p style=\"font-style: var(--ricos-custom-p-font-style,unset); font-weight: var(--ricos-custom-p-font-weight,unset);\">N\u00eb k\u00ebt\u00eb event, si fest\u00eb e poezis\u00eb avniane u mir\u00ebprit dhe u duatrokit fuqish\u00ebm edhe Liri Rasha gjat\u00eb interpretimit t\u00eb k\u00ebng\u00ebs \u201cAmaneti\u201d. E identifikuar si z\u00ebbilbili i Dibr\u00ebs dhe p\u00ebr talentin e saj t\u00eb rrall\u00eb krijues, Liri Rasha, e dekoruar nga Presidenti i Republik\u00ebs me titujt &#8220;Mjesht\u00ebr i Madh&#8221; dhe \u201cKalor\u00ebs i Urdh\u00ebrit t\u00eb Sk\u00ebnderbeut\u201d, njihet edhe si bashk\u00ebpun\u00ebtore e ngusht\u00eb e Avni Ndreut. Ndaj dhe mir\u00ebpritet e duartrokitet n\u00eb veprimtari t\u00eb tilla promovuese.<\/p>\n<p style=\"font-style: var(--ricos-custom-p-font-style,unset); font-weight: var(--ricos-custom-p-font-weight,unset);\">Nd\u00ebrkoh\u00eb, n\u00eb k\u00ebt\u00eb eveniment t\u00eb ideuar dhe kombinuar edhe me element\u00eb t\u00eb sho\u00eb-u artistik nga moderatori i shum\u00ebtalentuar, ikona e gazetaris\u00eb sportive dhe dokumentarit televiziv, Defrim Methasani lan\u00eb mbresa me interpretimin e tyre virtuoz edhe k\u00ebng\u00ebtarja Erida Stana dhe flautistja Livia Bushpepa.<\/p>\n<p style=\"font-style: var(--ricos-custom-p-font-style,unset); font-weight: var(--ricos-custom-p-font-weight,unset);\">Dhe s\u2019kish se si t\u00eb mbyllej ndryshe festa e poezis\u00eb avniane, ve\u00e7se me performimin e nj\u00eb kolazhi vallesh nga artst\u00ebt e Ansamblit Artistik q\u00eb mban emrin e t\u00eb Madhit Hazis Ndreu \u2013 Nderi i Kombit, q\u00eb drejtohet nga i biri artist dhe poet Avni Ndreu \u2013 Mjesht\u00ebr i Madh.<\/p>\n<p><img loading=\"lazy\" decoding=\"async\" class=\"alignnone size-medium wp-image-29111\" src=\"https:\/\/rdnews.al\/wp-content\/uploads\/2022\/11\/2-11-300x200.jpg\" alt=\"\" width=\"300\" height=\"200\" srcset=\"https:\/\/rdnews.al\/wp-content\/uploads\/2022\/11\/2-11-300x200.jpg 300w, https:\/\/rdnews.al\/wp-content\/uploads\/2022\/11\/2-11-1024x683.jpg 1024w, https:\/\/rdnews.al\/wp-content\/uploads\/2022\/11\/2-11-768x512.jpg 768w, https:\/\/rdnews.al\/wp-content\/uploads\/2022\/11\/2-11.jpg 1200w\" sizes=\"auto, (max-width: 300px) 100vw, 300px\" \/><\/p>\n<p><img loading=\"lazy\" decoding=\"async\" class=\"alignnone size-medium wp-image-29113\" src=\"https:\/\/rdnews.al\/wp-content\/uploads\/2022\/11\/11-6-300x200.jpg\" alt=\"\" width=\"300\" height=\"200\" srcset=\"https:\/\/rdnews.al\/wp-content\/uploads\/2022\/11\/11-6-300x200.jpg 300w, https:\/\/rdnews.al\/wp-content\/uploads\/2022\/11\/11-6-1024x683.jpg 1024w, https:\/\/rdnews.al\/wp-content\/uploads\/2022\/11\/11-6-768x512.jpg 768w, https:\/\/rdnews.al\/wp-content\/uploads\/2022\/11\/11-6.jpg 1200w\" sizes=\"auto, (max-width: 300px) 100vw, 300px\" \/><\/p>\n<p><img loading=\"lazy\" decoding=\"async\" class=\"alignnone size-medium wp-image-29112\" src=\"https:\/\/rdnews.al\/wp-content\/uploads\/2022\/11\/3-4-300x200.jpg\" alt=\"\" width=\"300\" height=\"200\" srcset=\"https:\/\/rdnews.al\/wp-content\/uploads\/2022\/11\/3-4-300x200.jpg 300w, https:\/\/rdnews.al\/wp-content\/uploads\/2022\/11\/3-4-1024x683.jpg 1024w, https:\/\/rdnews.al\/wp-content\/uploads\/2022\/11\/3-4-768x512.jpg 768w, https:\/\/rdnews.al\/wp-content\/uploads\/2022\/11\/3-4.jpg 1200w\" sizes=\"auto, (max-width: 300px) 100vw, 300px\" \/><\/p>\n<p>&nbsp;<\/p>\n","protected":false},"excerpt":{"rendered":"<p>Nga Halil RAMA \u2013 Mjesht\u00ebr i Madh Redaktori, Prof.dr. Gafur Muka, shprehet se n\u00eb v\u00ebllimin \u201cGjurm\u00eb n\u00eb fjal\u00eb\u201d q\u00eb hapet me poezin\u00eb \u201cElegji\u201d kushtuar Haziz Ndreut, duket q\u00eb vargjet jan\u00eb shkruar me veneracion p\u00ebr gjith\u00eb vepr\u00ebn poliedrike t\u00eb babait, nga i cili ai trash\u00ebgon fantazin\u00eb krijuese, ritmin marramend\u00ebs dhe shpirtin poetik. Ndaj dhe krijimtaria poetike &hellip;<\/p>\n","protected":false},"author":4,"featured_media":29115,"comment_status":"open","ping_status":"open","sticky":false,"template":"","format":"standard","meta":{"footnotes":""},"categories":[42],"tags":[],"class_list":["post-29108","post","type-post","status-publish","format-standard","has-post-thumbnail","","category-kulture"],"_links":{"self":[{"href":"https:\/\/rdnews.al\/index.php\/wp-json\/wp\/v2\/posts\/29108","targetHints":{"allow":["GET"]}}],"collection":[{"href":"https:\/\/rdnews.al\/index.php\/wp-json\/wp\/v2\/posts"}],"about":[{"href":"https:\/\/rdnews.al\/index.php\/wp-json\/wp\/v2\/types\/post"}],"author":[{"embeddable":true,"href":"https:\/\/rdnews.al\/index.php\/wp-json\/wp\/v2\/users\/4"}],"replies":[{"embeddable":true,"href":"https:\/\/rdnews.al\/index.php\/wp-json\/wp\/v2\/comments?post=29108"}],"version-history":[{"count":0,"href":"https:\/\/rdnews.al\/index.php\/wp-json\/wp\/v2\/posts\/29108\/revisions"}],"wp:featuredmedia":[{"embeddable":true,"href":"https:\/\/rdnews.al\/index.php\/wp-json\/wp\/v2\/media\/29115"}],"wp:attachment":[{"href":"https:\/\/rdnews.al\/index.php\/wp-json\/wp\/v2\/media?parent=29108"}],"wp:term":[{"taxonomy":"category","embeddable":true,"href":"https:\/\/rdnews.al\/index.php\/wp-json\/wp\/v2\/categories?post=29108"},{"taxonomy":"post_tag","embeddable":true,"href":"https:\/\/rdnews.al\/index.php\/wp-json\/wp\/v2\/tags?post=29108"}],"curies":[{"name":"wp","href":"https:\/\/api.w.org\/{rel}","templated":true}]}}