{"id":29159,"date":"2022-11-14T11:45:35","date_gmt":"2022-11-14T11:45:35","guid":{"rendered":"https:\/\/rdnews.al\/?p=29159"},"modified":"2022-11-14T11:45:35","modified_gmt":"2022-11-14T11:45:35","slug":"berisha-thirrje-nderkombetareve-shqiptaret-jane-ne-kembe-mbeshtesni-betejen-e-tyre","status":"publish","type":"post","link":"https:\/\/rdnews.al\/index.php\/2022\/11\/14\/berisha-thirrje-nderkombetareve-shqiptaret-jane-ne-kembe-mbeshtesni-betejen-e-tyre\/","title":{"rendered":"Berisha thirrje nd\u00ebrkomb\u00ebtar\u00ebve: Shqiptar\u00ebt jan\u00eb n\u00eb k\u00ebmb\u00eb, mb\u00ebshtesni betej\u00ebn e tyre"},"content":{"rendered":"<p>Kryetari i PD, Sali Berisha tha gjat\u00eb konferenc\u00ebs p\u00ebr shtyp se, shqiptar\u00ebt jan\u00eb n\u00eb k\u00ebmb\u00eb, nd\u00ebrsa u b\u00ebri thirrje nd\u00ebrkomb\u00ebtar\u00ebt q\u00eb t\u2019i mb\u00ebshtesin n\u00eb betej\u00ebn e tyre.<\/p>\n<p>\u201cShqiptar\u00ebt jan\u00eb sot m\u00eb n\u00eb k\u00ebmb\u00eb se kurr\u00eb. Protesta e 12 n\u00ebntorit faktoi se jan\u00eb m\u00eb n\u00eb k\u00ebmb\u00eb se kurr\u00eb.\u00a0Ju njoftoj se shum\u00eb shpejt do njiheni me axhend\u00ebn e protestave t\u00eb tjera t\u00eb fuqishme.<\/p>\n<p>Edhe nj\u00ebher\u00eb thirrja ime p\u00ebr miqt\u00eb dhe partner\u00ebt \u00ebsht\u00eb: Mb\u00ebshtesni shqiptar\u00ebt n\u00eb betej\u00ebn e tyre.\u00a0Ne do fitojm\u00eb\u201d, tha Berisha.<\/p>\n","protected":false},"excerpt":{"rendered":"<p>Kryetari i PD, Sali Berisha tha gjat\u00eb konferenc\u00ebs p\u00ebr shtyp se, shqiptar\u00ebt jan\u00eb n\u00eb k\u00ebmb\u00eb, nd\u00ebrsa u b\u00ebri thirrje nd\u00ebrkomb\u00ebtar\u00ebt q\u00eb t\u2019i mb\u00ebshtesin n\u00eb betej\u00ebn e tyre. \u201cShqiptar\u00ebt jan\u00eb sot m\u00eb n\u00eb k\u00ebmb\u00eb se kurr\u00eb. Protesta e 12 n\u00ebntorit faktoi se jan\u00eb m\u00eb n\u00eb k\u00ebmb\u00eb se kurr\u00eb.\u00a0Ju njoftoj se shum\u00eb shpejt do njiheni me axhend\u00ebn &hellip;<\/p>\n","protected":false},"author":4,"featured_media":0,"comment_status":"open","ping_status":"open","sticky":false,"template":"","format":"standard","meta":{"footnotes":""},"categories":[37],"tags":[],"class_list":["post-29159","post","type-post","status-publish","format-standard","","category-politike"],"_links":{"self":[{"href":"https:\/\/rdnews.al\/index.php\/wp-json\/wp\/v2\/posts\/29159","targetHints":{"allow":["GET"]}}],"collection":[{"href":"https:\/\/rdnews.al\/index.php\/wp-json\/wp\/v2\/posts"}],"about":[{"href":"https:\/\/rdnews.al\/index.php\/wp-json\/wp\/v2\/types\/post"}],"author":[{"embeddable":true,"href":"https:\/\/rdnews.al\/index.php\/wp-json\/wp\/v2\/users\/4"}],"replies":[{"embeddable":true,"href":"https:\/\/rdnews.al\/index.php\/wp-json\/wp\/v2\/comments?post=29159"}],"version-history":[{"count":0,"href":"https:\/\/rdnews.al\/index.php\/wp-json\/wp\/v2\/posts\/29159\/revisions"}],"wp:attachment":[{"href":"https:\/\/rdnews.al\/index.php\/wp-json\/wp\/v2\/media?parent=29159"}],"wp:term":[{"taxonomy":"category","embeddable":true,"href":"https:\/\/rdnews.al\/index.php\/wp-json\/wp\/v2\/categories?post=29159"},{"taxonomy":"post_tag","embeddable":true,"href":"https:\/\/rdnews.al\/index.php\/wp-json\/wp\/v2\/tags?post=29159"}],"curies":[{"name":"wp","href":"https:\/\/api.w.org\/{rel}","templated":true}]}}