{"id":29191,"date":"2022-11-14T17:41:22","date_gmt":"2022-11-14T17:41:22","guid":{"rendered":"https:\/\/rdnews.al\/?p=29191"},"modified":"2022-11-14T17:41:32","modified_gmt":"2022-11-14T17:41:32","slug":"luciano-boci-bashkine-do-tia-kthej-qytetareve-ketij-qyteti-i-kam-borxh-gjithcka","status":"publish","type":"post","link":"https:\/\/rdnews.al\/index.php\/2022\/11\/14\/luciano-boci-bashkine-do-tia-kthej-qytetareve-ketij-qyteti-i-kam-borxh-gjithcka\/","title":{"rendered":"Lu\u00e7iano Bo\u00e7i: Bashkin\u00eb do t\u2019ia kthej qytetar\u00ebve, k\u00ebtij qyteti i kam borxh gjith\u00e7ka!"},"content":{"rendered":"<p>N\u00ebnkryetari i Partis\u00eb Demokratike, deputeti Lu\u00e7iano Bo\u00e7i pasi ka prezantuar kandidatur\u00ebn p\u00ebr primaret e Bashkis\u00eb Elbasan, ka reaguar me nj\u00eb status n\u00eb rrjetet sociale ku rreshton dhe arsye se p\u00ebrse hyri n\u00eb k\u00ebto zgjedhje. Bo\u00e7i \u00ebsht\u00eb shprehur se ky kandidim \u00ebsht\u00eb nj\u00eb borxh q\u00eb ai u ka qytetar\u00ebve t\u00eb Elbasanit ku u zotua q\u00eb bashkin\u00eb do tu\u2019a kthej\u00eb n\u00eb sh\u00ebrbimin e tyre.<\/p>\n<p><strong>Postimi i Bo\u00e7it<\/strong><\/p>\n<p>Mir\u00ebnjohje p\u00ebr qytetar\u00ebt dhe demokrat\u00ebt e Elbasanit q\u00eb m\u00eb kan\u00eb mb\u00ebshtetur n\u00eb \u00e7do angazhim timin n\u00eb politik\u00eb!<\/p>\n<p>Pa asnj\u00eb hezitim i jam p\u00ebrgjigjur k\u00ebrkes\u00ebs imponuese t\u00eb tyre p\u00ebr t\u00eb garuar dhe p\u00ebr t&#8217;i kthyer atyre Bashkin\u00eb e Elbasanit!<\/p>\n<p>Sepse k\u00ebtij qyteti i kam borxh gjith\u00e7ka:<\/p>\n<p>I kam borxh suksesin<\/p>\n<p>I kam borxh mb\u00ebshtetjen<\/p>\n<p>I kam borxh koh\u00ebn<\/p>\n<p>P\u00ebrkushtimin, arritjet.<\/p>\n<p>I kam borxh rinis\u00eb s\u00eb tij q\u00eb sot e sheh at\u00eb si vend t\u00eb mallkuar.<\/p>\n<p>I kam borxh femij\u00ebve t\u00eb tij p\u00ebr kopshte e shkolla cil\u00ebsore.<\/p>\n<p>I kam borxh moshes aktive q\u00eb nuk gjejn\u00eb dot vendin e pun\u00ebs<\/p>\n<p>I kam borxh prind\u00ebrve tan\u00eb p\u00ebr nje perkujdesje t\u00eb merituar.<\/p>\n<p>I kam borxh biznesit, fermereve, sportist\u00ebve artist\u00ebve, t\u00eb gjith\u00ebve.<\/p>\n<p>Dhe dua ti shlyej k\u00ebto borxhe.<\/p>\n<p>Ti shlyej duke punuar bashke me durim:<\/p>\n<p>Q\u00eb qytetin t\u2019ia kthejm\u00eb njer\u00ebzve!<\/p>\n<p>Q\u00eb Elbasanit t\u2019i kthejm\u00eb shk\u00eblqimin e dikursh\u00ebm!<\/p>\n<p>Q\u00eb Elbasanit ti kthejm\u00eb lavdin\u00eb e arsimit!<\/p>\n<p>Q\u00eb Elbasanit ti kthejme muzik\u00ebn e festave, ngjyrat e jet\u00ebs e luleve t\u00eb dikurshme!<\/p>\n<p>Q\u00eb Elbasanit ti kthejme g\u00ebzimin e haren\u00eb e t\u00eb jetuarit.<\/p>\n<p>Prandaj ky kandidim i imi nuk \u00ebsht\u00eb sakrific\u00eb e dor\u00ebzimit t\u00eb nj\u00eb mandati q\u00eb nuk \u00ebsht\u00eb i imi por i votuesve.<\/p>\n<p>Ky kandidim i imi \u00ebsht\u00eb p\u00ebrgjegj\u00ebsi p\u00ebr t\u2019u bashkuar t\u00eb gjith\u00eb brenda PD.<\/p>\n<p>P\u00ebrgjegj\u00ebsi p\u00ebr t\u2019u bashkuar t\u00eb gjith\u00eb si qytetar\u00eb e banor\u00eb t\u00eb Elbasanit, t\u00eb djatht\u00eb, gri e t\u00eb majt\u00eb, p\u00ebr t\u00eb nd\u00ebrtuar dhe sjell\u00eb s\u00eb bashku n\u00eb Elbasan nj\u00eb shpres\u00eb t\u00eb re, nj\u00eb besim t\u00eb ri, pse jo nj\u00eb Bashki t\u00eb re q\u00eb nuk esht\u00eb m\u00eb e kryetarit dhe e drejtor\u00ebve, por e qytetar\u00ebve t\u00eb saj!<\/p>\n","protected":false},"excerpt":{"rendered":"<p>N\u00ebnkryetari i Partis\u00eb Demokratike, deputeti Lu\u00e7iano Bo\u00e7i pasi ka prezantuar kandidatur\u00ebn p\u00ebr primaret e Bashkis\u00eb Elbasan, ka reaguar me nj\u00eb status n\u00eb rrjetet sociale ku rreshton dhe arsye se p\u00ebrse hyri n\u00eb k\u00ebto zgjedhje. Bo\u00e7i \u00ebsht\u00eb shprehur se ky kandidim \u00ebsht\u00eb nj\u00eb borxh q\u00eb ai u ka qytetar\u00ebve t\u00eb Elbasanit ku u zotua q\u00eb bashkin\u00eb &hellip;<\/p>\n","protected":false},"author":4,"featured_media":0,"comment_status":"open","ping_status":"open","sticky":false,"template":"","format":"standard","meta":{"footnotes":""},"categories":[37],"tags":[],"class_list":["post-29191","post","type-post","status-publish","format-standard","","category-politike"],"_links":{"self":[{"href":"https:\/\/rdnews.al\/index.php\/wp-json\/wp\/v2\/posts\/29191","targetHints":{"allow":["GET"]}}],"collection":[{"href":"https:\/\/rdnews.al\/index.php\/wp-json\/wp\/v2\/posts"}],"about":[{"href":"https:\/\/rdnews.al\/index.php\/wp-json\/wp\/v2\/types\/post"}],"author":[{"embeddable":true,"href":"https:\/\/rdnews.al\/index.php\/wp-json\/wp\/v2\/users\/4"}],"replies":[{"embeddable":true,"href":"https:\/\/rdnews.al\/index.php\/wp-json\/wp\/v2\/comments?post=29191"}],"version-history":[{"count":0,"href":"https:\/\/rdnews.al\/index.php\/wp-json\/wp\/v2\/posts\/29191\/revisions"}],"wp:attachment":[{"href":"https:\/\/rdnews.al\/index.php\/wp-json\/wp\/v2\/media?parent=29191"}],"wp:term":[{"taxonomy":"category","embeddable":true,"href":"https:\/\/rdnews.al\/index.php\/wp-json\/wp\/v2\/categories?post=29191"},{"taxonomy":"post_tag","embeddable":true,"href":"https:\/\/rdnews.al\/index.php\/wp-json\/wp\/v2\/tags?post=29191"}],"curies":[{"name":"wp","href":"https:\/\/api.w.org\/{rel}","templated":true}]}}