{"id":2933,"date":"2022-01-24T10:30:25","date_gmt":"2022-01-24T10:30:25","guid":{"rendered":"https:\/\/rdnews.al\/?p=2933"},"modified":"2022-01-24T10:31:33","modified_gmt":"2022-01-24T10:31:33","slug":"berisha-publikon-videon-degjojeni-vete-armikun-e-eger-te-pluralizmit-politik","status":"publish","type":"post","link":"https:\/\/rdnews.al\/index.php\/2022\/01\/24\/berisha-publikon-videon-degjojeni-vete-armikun-e-eger-te-pluralizmit-politik\/","title":{"rendered":"Berisha publikon videon: D\u00ebgjojeni vet\u00eb armikun e eg\u00ebr t\u00eb pluralizmit politik"},"content":{"rendered":"<p>Lideri historik i PD, Sali Berisha publikoi nj\u00eb video t\u00eb Edi Ram\u00ebs, ku ai flet p\u00ebr opozit\u00ebn.<\/p>\n<p>\u201cD\u00ebgjojeni vet\u00eb armikun e eg\u00ebr t\u00eb pluralizmit politik! Mori peng Lul Brav\u00ebn, por kurr\u00eb opozit\u00ebn!\u201d,\u00a0shkruan Berisha.<\/p>\n<p>N\u00eb intervist\u00ebn e tij n\u00eb Opinion, Rama shprehet se opozita \u00ebsht\u00eb n\u00eb gjum\u00eb q\u00eb kur PD-n\u00eb e ka marr\u00eb Lulzim Basha.<\/p>\n<p>\u201cPo t\u00eb jet\u00eb puna p\u00ebr ta v\u00ebn\u00eb n\u00eb gjum\u00eb, nuk ka nevoj\u00eb fare.<\/p>\n<p>Opozita n\u00eb k\u00ebndv\u00ebshtrimin tim, si\u00e7 e shoh un\u00eb politik\u00ebn dhe shahun, \u00ebsht\u00eb n\u00eb gjum\u00eb q\u00eb kur Lulzim Basha \u00ebsht\u00eb b\u00ebr\u00eb kryetar i PD\u201d,\u00a0shprehet Rama.<\/p>\n<p><iframe loading=\"lazy\" style=\"border: none; overflow: hidden;\" src=\"https:\/\/www.facebook.com\/plugins\/video.php?height=314&amp;href=https%3A%2F%2Fwww.facebook.com%2FSaliBerisha%2Fvideos%2F346495227308681%2F&amp;show_text=false&amp;width=560&amp;t=0\" width=\"560\" height=\"314\" frameborder=\"0\" scrolling=\"no\" allowfullscreen=\"allowfullscreen\"><\/iframe><\/p>\n","protected":false},"excerpt":{"rendered":"<p>Lideri historik i PD, Sali Berisha publikoi nj\u00eb video t\u00eb Edi Ram\u00ebs, ku ai flet p\u00ebr opozit\u00ebn. \u201cD\u00ebgjojeni vet\u00eb armikun e eg\u00ebr t\u00eb pluralizmit politik! Mori peng Lul Brav\u00ebn, por kurr\u00eb opozit\u00ebn!\u201d,\u00a0shkruan Berisha. N\u00eb intervist\u00ebn e tij n\u00eb Opinion, Rama shprehet se opozita \u00ebsht\u00eb n\u00eb gjum\u00eb q\u00eb kur PD-n\u00eb e ka marr\u00eb Lulzim Basha. \u201cPo &hellip;<\/p>\n","protected":false},"author":4,"featured_media":2934,"comment_status":"open","ping_status":"open","sticky":false,"template":"","format":"standard","meta":{"footnotes":""},"categories":[37],"tags":[],"class_list":["post-2933","post","type-post","status-publish","format-standard","has-post-thumbnail","","category-politike"],"_links":{"self":[{"href":"https:\/\/rdnews.al\/index.php\/wp-json\/wp\/v2\/posts\/2933","targetHints":{"allow":["GET"]}}],"collection":[{"href":"https:\/\/rdnews.al\/index.php\/wp-json\/wp\/v2\/posts"}],"about":[{"href":"https:\/\/rdnews.al\/index.php\/wp-json\/wp\/v2\/types\/post"}],"author":[{"embeddable":true,"href":"https:\/\/rdnews.al\/index.php\/wp-json\/wp\/v2\/users\/4"}],"replies":[{"embeddable":true,"href":"https:\/\/rdnews.al\/index.php\/wp-json\/wp\/v2\/comments?post=2933"}],"version-history":[{"count":0,"href":"https:\/\/rdnews.al\/index.php\/wp-json\/wp\/v2\/posts\/2933\/revisions"}],"wp:featuredmedia":[{"embeddable":true,"href":"https:\/\/rdnews.al\/index.php\/wp-json\/wp\/v2\/media\/2934"}],"wp:attachment":[{"href":"https:\/\/rdnews.al\/index.php\/wp-json\/wp\/v2\/media?parent=2933"}],"wp:term":[{"taxonomy":"category","embeddable":true,"href":"https:\/\/rdnews.al\/index.php\/wp-json\/wp\/v2\/categories?post=2933"},{"taxonomy":"post_tag","embeddable":true,"href":"https:\/\/rdnews.al\/index.php\/wp-json\/wp\/v2\/tags?post=2933"}],"curies":[{"name":"wp","href":"https:\/\/api.w.org\/{rel}","templated":true}]}}