{"id":29364,"date":"2022-11-22T19:35:38","date_gmt":"2022-11-22T19:35:38","guid":{"rendered":"https:\/\/rdnews.al\/?p=29364"},"modified":"2022-11-22T20:37:46","modified_gmt":"2022-11-22T20:37:46","slug":"polici-i-rames-kapet-duke-vjedhur-ne-itali","status":"publish","type":"post","link":"https:\/\/rdnews.al\/index.php\/2022\/11\/22\/polici-i-rames-kapet-duke-vjedhur-ne-itali\/","title":{"rendered":"Polici i Ram\u00ebs kapet duke vjedhur n\u00eb Itali"},"content":{"rendered":"<p>Klisman Nikolli, efektivi 27-vje\u00e7ar q\u00eb u arrestua p\u00ebr vjedhje n\u00eb Itali \u00ebsht\u00eb p\u00ebrjashtuar nga struktura e Policis\u00eb s\u00eb Shtetit. N\u00eb njoftimin e PSH-s\u00eb, b\u00ebhet me dije se 27-vje\u00e7ari kishte marr\u00eb leje nga eprori i tij nga data 1 n\u00ebntor e k\u00ebtij viti, deri n\u00eb fund t\u00eb dhjetorit, pa t\u00eb drejt\u00eb page. Arsyeja q\u00eb Nikolli kishte paraqitur p\u00ebr t\u00eb marr\u00eb lejen, ishte p\u00ebr trajtim sh\u00ebndet\u00ebsor dhe i \u00ebsht\u00eb aprovuar nga eprori. Pun\u00ebsimi i Nikollit, sipas PSH-s\u00eb, \u00ebsht\u00eb b\u00ebr\u00eb konform rregullave. 27-vje\u00e7ari \u00ebsht\u00eb djali i nj\u00eb d\u00ebshmori t\u00eb r\u00ebn\u00eb n\u00eb krye t\u00eb detyr\u00ebs.<\/p>\n<p><strong>Njoftimi i plot\u00eb i Policis\u00eb s\u00eb Shtetit<\/strong><\/p>\n<p>Departamenti i Marr\u00ebdh\u00ebnieve Nd\u00ebrkomb\u00ebtare n\u00eb Policin\u00eb e Shtetit, n\u00eb kuad\u00ebr t\u00eb bashk\u00ebpunimit dhe shk\u00ebmbimit t\u00eb informacioneve me homolog\u00ebt, me q\u00ebllim parandalimin dhe goditjen e krimeve dhe t\u00eb paligjshm\u00ebrive n\u00eb p\u00ebrgjith\u00ebsi, ka marr\u00eb njoftim se shtetasi K. N., 27 vje\u00e7, me detyr\u00eb oficer i Patrull\u00ebs s\u00eb P\u00ebrgjithshme n\u00eb Post\u00ebn e Policis\u00eb Sh\u00ebngjin, n\u00eb Komisariatin e Policis\u00eb Lezh\u00eb, ishte arrestuar nga organet ligjzbatuese italiane, p\u00ebr vepr\u00ebn penale \u2018Vjedhja\u2019.<\/p>\n<p>Menj\u00ebher\u00eb pas njoftimit t\u00eb marr\u00eb nga homolog\u00ebt italian\u00eb, Drejtori i P\u00ebrgjithsh\u00ebm i Policis\u00eb s\u00eb Shtetit ka firmosur p\u00ebrjashtimin\u00a0 nga Policia e Shtetit, t\u00eb punonj\u00ebsit t\u00eb Policis\u00eb K. N.<\/p>\n<p>Punonj\u00ebsi i Policis\u00eb K. N., konform procedurave ligjore, ka marr\u00eb leje pa t\u00eb drejt\u00eb page, nga data 01.11.2022 deri m\u00eb dat\u00eb 31.12.2022. Kjo leje i \u00ebsht\u00eb miratuar nga eprori i tij, p\u00ebr dalje jasht\u00eb shtetit, pas k\u00ebrkes\u00ebs s\u00eb b\u00ebr\u00eb nga vet\u00eb punonj\u00ebsi, p\u00ebr arsye sh\u00ebndet\u00ebsore.<\/p>\n<p>Sqarojm\u00eb opinionin publik se rekrutimet n\u00eb Kolegjin e Policis\u00eb, t\u00eb Akademis\u00eb s\u00eb Siguris\u00eb,\u00a0 p\u00ebr Patrull\u00eb t\u00eb P\u00ebrgjithshme, b\u00ebhen n\u00eb zbatim t\u00eb ligjit \u2018P\u00ebr Policin\u00eb e Shtetit\u2019 dhe n\u00eb zbatim t\u00eb kritereve t\u00eb p\u00ebrcaktuara me VKM. Aplikant\u00ebt kalojn\u00eb disa faza testimi dhe verifikimi, t\u00eb cilat p\u00ebrjashtojn\u00eb kategorikisht mund\u00ebsin\u00eb e hyrjes n\u00eb Akademi, t\u00eb aplikant\u00ebve me t\u00eb kaluar kriminale.<\/p>\n<p>P\u00ebrsa i p\u00ebrket shtetasit K. N., t\u00eb arrestuar nga autoritetet policore italiane, tashm\u00eb ish-punonj\u00ebs i Policis\u00eb, sqarojm\u00eb se pranimi i tij n\u00eb Akademin\u00eb e Siguris\u00eb, \u00ebsht\u00eb b\u00ebr\u00eb konform procedurave ligjore dhe se 27-vje\u00e7ari \u00ebsht\u00eb djali i nj\u00eb d\u00ebshmori t\u00eb Policis\u00eb.<\/p>\n<p>Gjithashtu, sqarojm\u00eb opinionin publik ne n\u00eb Drejtorin\u00eb e P\u00ebrgjithshme t\u00eb Policis\u00eb s\u00eb Shtetit dhe n\u00eb drejtorit\u00eb vendore t\u00eb Policis\u00eb, jan\u00eb ngritur dhe funksionojn\u00eb k\u00ebshillat e em\u00ebrtes\u00ebs, p\u00ebr em\u00ebrimin e drejtuesve t\u00eb strukturave t\u00eb Policis\u00eb, bazuar n\u00eb rezultatet e pun\u00ebs, profesionalizmin, integritetin dhe past\u00ebrtin\u00eb e figur\u00ebs.<\/p>\n<p>Shprehim keqardhje p\u00ebr deklaratat dashakeqe q\u00eb synojn\u00eb t\u00eb p\u00ebrbaltin pun\u00ebn, mundin dhe sakrific\u00ebn e mij\u00ebra djemve dhe vajzave, burrave dhe grave, t\u00eb Policis\u00eb s\u00eb Shtetit, q\u00eb punojn\u00eb 24\/7 p\u00ebr t\u00eb garantuar rendin e sigurin\u00eb, dhe q\u00eb p\u00ebrballen e luftojn\u00eb \u00e7do dit\u00eb, me krimin n\u00eb p\u00ebrgjith\u00ebsi dhe me krimin e organizuar n\u00eb ve\u00e7anti.<\/p>\n","protected":false},"excerpt":{"rendered":"<p>Klisman Nikolli, efektivi 27-vje\u00e7ar q\u00eb u arrestua p\u00ebr vjedhje n\u00eb Itali \u00ebsht\u00eb p\u00ebrjashtuar nga struktura e Policis\u00eb s\u00eb Shtetit. N\u00eb njoftimin e PSH-s\u00eb, b\u00ebhet me dije se 27-vje\u00e7ari kishte marr\u00eb leje nga eprori i tij nga data 1 n\u00ebntor e k\u00ebtij viti, deri n\u00eb fund t\u00eb dhjetorit, pa t\u00eb drejt\u00eb page. Arsyeja q\u00eb Nikolli kishte &hellip;<\/p>\n","protected":false},"author":4,"featured_media":29365,"comment_status":"open","ping_status":"open","sticky":false,"template":"","format":"standard","meta":{"footnotes":""},"categories":[40],"tags":[],"class_list":["post-29364","post","type-post","status-publish","format-standard","has-post-thumbnail","","category-aktualitet"],"_links":{"self":[{"href":"https:\/\/rdnews.al\/index.php\/wp-json\/wp\/v2\/posts\/29364","targetHints":{"allow":["GET"]}}],"collection":[{"href":"https:\/\/rdnews.al\/index.php\/wp-json\/wp\/v2\/posts"}],"about":[{"href":"https:\/\/rdnews.al\/index.php\/wp-json\/wp\/v2\/types\/post"}],"author":[{"embeddable":true,"href":"https:\/\/rdnews.al\/index.php\/wp-json\/wp\/v2\/users\/4"}],"replies":[{"embeddable":true,"href":"https:\/\/rdnews.al\/index.php\/wp-json\/wp\/v2\/comments?post=29364"}],"version-history":[{"count":0,"href":"https:\/\/rdnews.al\/index.php\/wp-json\/wp\/v2\/posts\/29364\/revisions"}],"wp:featuredmedia":[{"embeddable":true,"href":"https:\/\/rdnews.al\/index.php\/wp-json\/wp\/v2\/media\/29365"}],"wp:attachment":[{"href":"https:\/\/rdnews.al\/index.php\/wp-json\/wp\/v2\/media?parent=29364"}],"wp:term":[{"taxonomy":"category","embeddable":true,"href":"https:\/\/rdnews.al\/index.php\/wp-json\/wp\/v2\/categories?post=29364"},{"taxonomy":"post_tag","embeddable":true,"href":"https:\/\/rdnews.al\/index.php\/wp-json\/wp\/v2\/tags?post=29364"}],"curies":[{"name":"wp","href":"https:\/\/api.w.org\/{rel}","templated":true}]}}