{"id":3025,"date":"2022-01-24T21:06:07","date_gmt":"2022-01-24T21:06:07","guid":{"rendered":"https:\/\/rdnews.al\/?p=3025"},"modified":"2022-01-24T21:06:07","modified_gmt":"2022-01-24T21:06:07","slug":"policia-e-tiranes-loder-ne-duart-e-regjimit-padit-duken-pas-urdherit-te-veliajt","status":"publish","type":"post","link":"https:\/\/rdnews.al\/index.php\/2022\/01\/24\/policia-e-tiranes-loder-ne-duart-e-regjimit-padit-duken-pas-urdherit-te-veliajt\/","title":{"rendered":"Policia e Tiran\u00ebs, lod\u00ebr n\u00eb duart e regjimit, padit Duk\u00ebn pas urdh\u00ebrit t\u00eb Veliajt"},"content":{"rendered":"<p>Policia e Tiran\u00ebs ka kall\u00ebzuar n\u00eb prokurori kreun e Federat\u00ebs Shqiptare t\u00eb Futbollit Armand Duka si dhe vet\u00eb institucionin.<\/p>\n<p>Krimi Ekonomik n\u00eb Policin\u00eb e Tiran\u00ebs e akuzon Duk\u00ebn e FSHF-n\u00eb p\u00ebr abuzime me fondet e shp\u00ebrdorim detyre.<\/p>\n<p>Kall\u00ebzimi ndaj Duk\u00ebs vjen pas nj\u00eb p\u00ebrplasjeje prej disa dit\u00ebsh n\u00eb distanc\u00eb me deklarata mes Duk\u00ebs dhe kryebashkiakut t\u00eb Tiran\u00ebs Veliaj.<\/p>\n<p>Ky i fundit ka k\u00ebrkuar hetim komb\u00ebtar e nd\u00ebrkomb\u00ebtar p\u00ebr kreun e FSHF-s\u00eb. N\u00eb nj\u00eb nga deklaratat e Veliajt thuhej se \u2018kishte angazhuara nj\u00eb skuad\u00ebr jurist\u00ebsh shqiptar\u00eb, amerikan\u00eb dhe britanik\u00eb po asistojn\u00eb aksionerin e Tiran\u00ebs n\u00eb nj\u00eb dosje voluminoze shkeljesh, p\u00ebr t\u2019ia prezantuar FBI, DEA, NCA, Scotland Yard, SPAK, Prokuroris\u00eb s\u00eb Tiran\u00ebs, Krimit Ekonomik, Agjencis\u00eb s\u00eb Pastrimit t\u00eb Parave, AMA, Hetimit Tatimor, AKU, si dhe ambasadave Amerikane e Britanike n\u00eb Tiran\u00eb\u2019.<\/p>\n<p>I menj\u00ebhersh\u00ebm ka qen\u00eb edhe reagimi i FSHF-s\u00eb q\u00eb e quajti qesharake deklarat\u00ebn n\u00eb fjal\u00eb, nj\u00eb flet\u00ebrrufe nd\u00ebrsa deklaratat si delirante.<\/p>\n<p>Po k\u00ebshtu FSHF-ja e cil\u00ebson Veliajn si hetues t\u00eb koh\u00ebs s\u00eb diktatur\u00ebs q\u00eb k\u00ebrkon t\u00eb nd\u00ebrhyj\u00eb n\u00eb gar\u00ebn p\u00ebr zgjedhjen e kreut t\u00eb FSHF-s\u00eb t\u00eb cilat jan\u00eb parashikuar t\u00eb mbahen m\u00eb 2 mars 2022.<\/p>\n","protected":false},"excerpt":{"rendered":"<p>Policia e Tiran\u00ebs ka kall\u00ebzuar n\u00eb prokurori kreun e Federat\u00ebs Shqiptare t\u00eb Futbollit Armand Duka si dhe vet\u00eb institucionin. Krimi Ekonomik n\u00eb Policin\u00eb e Tiran\u00ebs e akuzon Duk\u00ebn e FSHF-n\u00eb p\u00ebr abuzime me fondet e shp\u00ebrdorim detyre. Kall\u00ebzimi ndaj Duk\u00ebs vjen pas nj\u00eb p\u00ebrplasjeje prej disa dit\u00ebsh n\u00eb distanc\u00eb me deklarata mes Duk\u00ebs dhe kryebashkiakut &hellip;<\/p>\n","protected":false},"author":4,"featured_media":3026,"comment_status":"open","ping_status":"open","sticky":false,"template":"","format":"standard","meta":{"footnotes":""},"categories":[40],"tags":[],"class_list":["post-3025","post","type-post","status-publish","format-standard","has-post-thumbnail","","category-aktualitet"],"_links":{"self":[{"href":"https:\/\/rdnews.al\/index.php\/wp-json\/wp\/v2\/posts\/3025","targetHints":{"allow":["GET"]}}],"collection":[{"href":"https:\/\/rdnews.al\/index.php\/wp-json\/wp\/v2\/posts"}],"about":[{"href":"https:\/\/rdnews.al\/index.php\/wp-json\/wp\/v2\/types\/post"}],"author":[{"embeddable":true,"href":"https:\/\/rdnews.al\/index.php\/wp-json\/wp\/v2\/users\/4"}],"replies":[{"embeddable":true,"href":"https:\/\/rdnews.al\/index.php\/wp-json\/wp\/v2\/comments?post=3025"}],"version-history":[{"count":0,"href":"https:\/\/rdnews.al\/index.php\/wp-json\/wp\/v2\/posts\/3025\/revisions"}],"wp:featuredmedia":[{"embeddable":true,"href":"https:\/\/rdnews.al\/index.php\/wp-json\/wp\/v2\/media\/3026"}],"wp:attachment":[{"href":"https:\/\/rdnews.al\/index.php\/wp-json\/wp\/v2\/media?parent=3025"}],"wp:term":[{"taxonomy":"category","embeddable":true,"href":"https:\/\/rdnews.al\/index.php\/wp-json\/wp\/v2\/categories?post=3025"},{"taxonomy":"post_tag","embeddable":true,"href":"https:\/\/rdnews.al\/index.php\/wp-json\/wp\/v2\/tags?post=3025"}],"curies":[{"name":"wp","href":"https:\/\/api.w.org\/{rel}","templated":true}]}}