{"id":30317,"date":"2022-12-02T11:34:36","date_gmt":"2022-12-02T11:34:36","guid":{"rendered":"https:\/\/rdnews.al\/?p=30317"},"modified":"2022-12-02T11:34:36","modified_gmt":"2022-12-02T11:34:36","slug":"pse-aleksander-vucic-vendosi-te-bojkotoje-samitin-e-be-se-ne-tirane","status":"publish","type":"post","link":"https:\/\/rdnews.al\/index.php\/2022\/12\/02\/pse-aleksander-vucic-vendosi-te-bojkotoje-samitin-e-be-se-ne-tirane\/","title":{"rendered":"Pse Aleksand\u00ebr Vu\u00e7i\u00e7 vendosi t\u00eb bojkotoj\u00eb Samitin e BE-s\u00eb n\u00eb Tiran\u00eb?!"},"content":{"rendered":"<p><strong>Nga<\/strong>\u00a0<strong>Enver B<\/strong><strong>YTY\u00c7I<\/strong><\/p>\n<p>Presidenti i Serbis\u00eb, Aleksand\u00ebr Vu\u00e7i\u00e7 ka lajm\u00ebruar bojkotin e Samitit t\u00eb s\u00eb mart\u00ebs t\u00eb BE-s\u00eb dhe PB, q\u00eb do t\u00eb zhvillohet n\u00eb Tiran\u00eb. Ky bojkot nuk ka lidhje aq me faktin se ky samit b\u00ebhet n\u00eb Tiran\u00eb e as me protest\u00ebn e opozit\u00ebs shqiptare, sa ka me orientimin e Serbis\u00eb nga pik\u00ebpamja gjeopolitike e gjeostrategjike drejt Rusis\u00eb.<\/p>\n<p>N\u00ebse lexon fjalimin e Vu\u00e7i\u00e7 dhe reagimin e tij ndaj qasjes europiane p\u00ebr Serbin\u00eb, ve re disa element\u00eb:<\/p>\n<p>1.Presidenti serb \u00ebsht\u00eb i pak\u00ebnaqur me nj\u00eb Fuqi Europiane, t\u00eb cil\u00ebn nuk e p\u00ebrmend me em\u00ebr, por q\u00eb her\u00eb tjera e ka artikuluar. B\u00ebhet fjal\u00eb p\u00ebr Gjermanin\u00eb. Sipas tij, Gjermania \u00ebsht\u00eb nj\u00eb vend pro-Kosov\u00ebs dhe kund\u00ebr Serbis\u00eb! Narrativa e ndarjes s\u00eb Gjermanis\u00eb nga t\u00eb tjerat Fuqi Perendimore \u00ebsht\u00eb nj\u00eb provokim i sojit serb, me q\u00ebllim q\u00eb t\u00eb thot\u00eb se \u201cSerbia nuk paska probleme me Perendimin n\u00eb t\u00ebr\u00ebsi\u201d dhe t\u00eb p\u00ebr\u00e7aj\u00eb faktorin perendimor ndaj qasjes p\u00ebr Kosov\u00ebn.<\/p>\n<p>2.Ai thot\u00eb se nuk heq dor\u00eb kurr\u00eb nga Kosova. Kuptojeni qart\u00eb nga nadrja e Kosov\u00ebs. Sepse pjes\u00ebn q\u00eb mbetet pas ndarjes nuk e do, se nuk i hyn n\u00eb pun\u00eb. Kjo bazohet ve\u00e7 tjerash edhe n\u00eb nj\u00eb memorandum mir\u00ebkuptimi p\u00ebr ndarjen e Kosov\u00ebs, t\u00eb cil\u00ebn e kan\u00eb firmosur para pes\u00eb vitesh tre persona: &#8211; Aleksand\u00ebr Vu\u00e7i\u00e7, Hashim Tha\u00e7i dhe Edi Rama. Nuk \u00ebsht\u00eb obligativ ai memorandum, por shpreh mir\u00ebkuptimin e pal\u00ebve p\u00ebr ndarjen e Kosov\u00ebs. Bazohet edhe te kontributi q\u00eb kryeministri i Shqip\u00ebris\u00eb ka dh\u00ebn\u00eb p\u00ebr ta rehabilituar Aleksand\u00ebr Shejshel dhe minsitrin e tij t\u00eb Jasht\u00ebm, Ivica Miloshevi\u00e7!<\/p>\n<p>3.Fjalimi I Vu\u00e7i\u00e7 shpreh zhg\u00ebnjim nga ato q\u00eb po ndodhin n\u00eb Kosov\u00eb. N\u00eb qeverin\u00eb e Kosov\u00ebs ministrat e List\u00ebs Srpska u zevend\u00ebsuan me dy figura pro-perendimore, po nga komuniteti serb, t\u00eb cil\u00ebt Vu\u00e7iq i konsideron si agjent\u00eb dhe bashk\u00ebpun\u00ebtor\u00eb t\u00eb Perendimit. Kjo i thot\u00eb t\u00eb gjitha. Kushdo q\u00eb nuk \u00ebsht\u00eb dakord me politikat zyrtare t\u00eb Beogradit n\u00eb Kosov\u00eb \u00ebsht\u00eb agjent i Perendimit. Mend\u00ebsi putiniste. Presidenti i Serbis\u00eb prej dje ka vendosur q\u00eb vendin e tij ta asocioj\u00eb me Rusin\u00eb kund\u00ebr Perendimit. Ky \u00ebsht\u00eb shkaku themelor i refuzimit dhe bojkootimit t\u00eb Samitit t\u00eb Tiran\u00ebs.<\/p>\n<p>4.Nga fjala e Vu\u00e7i\u00e7 kuptojm\u00eb se ai nuk ka nd\u00ebrmend jo vet\u00ebm t\u00eb heq dor\u00eb nga Kosova, por as t\u2019i bindet BE-s\u00eb p\u00ebr v\u00ebnien e sanksioneve ndaj Rusis\u00eb. Ky veprim na b\u00ebn t\u00eb besojm\u00eb se Beogradi ka besim se Moska do ta fitoj\u00eb luft\u00ebn n\u00eb Ukrain\u00eb. Vu\u00e7i\u00e7 \u00ebsht\u00eb i informuar se cilat do t\u00eb jen\u00eb veprimet e Kremlinit n\u00eb t\u00eb ardhmen n\u00eb Ukrain\u00eb e p\u00ebrtej saj dhe beson se k\u00ebto veprime do ta sjellin Rusin\u00eb n\u00eb pozit\u00ebn e nj\u00eb Fuqie globale. N\u00eb k\u00ebto rrethana ai nuk heq dotr\u00eb nga aleanca me Rusin\u00eb.<\/p>\n<p>5.Arsyetimet p\u00ebr protest\u00ebn dhe p\u00ebr faktin q\u00eb Samiti b\u00ebhet n\u00eb Tiran\u00eb jan\u00eb t\u00eb dor\u00ebs s\u00eb dyt\u00eb. Natyrisht q\u00eb kan\u00eb ndikim, por nuk jan\u00eb p\u00ebrcaktuese n\u00eb q\u00ebndrimet e Beogradit dhe t\u00eb presidentit t\u00eb Serbis\u00eb. Thelbi \u00ebsht\u00eb se Vu\u00e7i\u00e7 \u00ebsht\u00eb i rrethuar me bashk\u00ebpun\u00ebtor\u00eb pro-rus\u00eb e agjent\u00eb t\u00eb sh\u00ebrbimit t\u00eb Rusis\u00eb. Edhe vet\u00eb \u00ebsht\u00eb nj\u00eb admirues i pakorrigjuesh\u00ebm i politikave t\u00eb Vladimir Putin!<\/p>\n","protected":false},"excerpt":{"rendered":"<p>Nga\u00a0Enver BYTY\u00c7I Presidenti i Serbis\u00eb, Aleksand\u00ebr Vu\u00e7i\u00e7 ka lajm\u00ebruar bojkotin e Samitit t\u00eb s\u00eb mart\u00ebs t\u00eb BE-s\u00eb dhe PB, q\u00eb do t\u00eb zhvillohet n\u00eb Tiran\u00eb. Ky bojkot nuk ka lidhje aq me faktin se ky samit b\u00ebhet n\u00eb Tiran\u00eb e as me protest\u00ebn e opozit\u00ebs shqiptare, sa ka me orientimin e Serbis\u00eb nga pik\u00ebpamja gjeopolitike &hellip;<\/p>\n","protected":false},"author":4,"featured_media":11242,"comment_status":"open","ping_status":"open","sticky":false,"template":"","format":"standard","meta":{"footnotes":""},"categories":[44],"tags":[],"class_list":["post-30317","post","type-post","status-publish","format-standard","has-post-thumbnail","","category-editorial"],"_links":{"self":[{"href":"https:\/\/rdnews.al\/index.php\/wp-json\/wp\/v2\/posts\/30317","targetHints":{"allow":["GET"]}}],"collection":[{"href":"https:\/\/rdnews.al\/index.php\/wp-json\/wp\/v2\/posts"}],"about":[{"href":"https:\/\/rdnews.al\/index.php\/wp-json\/wp\/v2\/types\/post"}],"author":[{"embeddable":true,"href":"https:\/\/rdnews.al\/index.php\/wp-json\/wp\/v2\/users\/4"}],"replies":[{"embeddable":true,"href":"https:\/\/rdnews.al\/index.php\/wp-json\/wp\/v2\/comments?post=30317"}],"version-history":[{"count":0,"href":"https:\/\/rdnews.al\/index.php\/wp-json\/wp\/v2\/posts\/30317\/revisions"}],"wp:featuredmedia":[{"embeddable":true,"href":"https:\/\/rdnews.al\/index.php\/wp-json\/wp\/v2\/media\/11242"}],"wp:attachment":[{"href":"https:\/\/rdnews.al\/index.php\/wp-json\/wp\/v2\/media?parent=30317"}],"wp:term":[{"taxonomy":"category","embeddable":true,"href":"https:\/\/rdnews.al\/index.php\/wp-json\/wp\/v2\/categories?post=30317"},{"taxonomy":"post_tag","embeddable":true,"href":"https:\/\/rdnews.al\/index.php\/wp-json\/wp\/v2\/tags?post=30317"}],"curies":[{"name":"wp","href":"https:\/\/api.w.org\/{rel}","templated":true}]}}