{"id":30766,"date":"2022-12-06T13:37:30","date_gmt":"2022-12-06T13:37:30","guid":{"rendered":"https:\/\/rdnews.al\/?p=30766"},"modified":"2022-12-06T13:37:30","modified_gmt":"2022-12-06T13:37:30","slug":"berisha-ky-regjim-i-shemtuar-beri-gjithcka-qe-protesta-jone-te-mos-zhvillohej-rama-kreu-nje-akt-prej-krimineli","status":"publish","type":"post","link":"https:\/\/rdnews.al\/index.php\/2022\/12\/06\/berisha-ky-regjim-i-shemtuar-beri-gjithcka-qe-protesta-jone-te-mos-zhvillohej-rama-kreu-nje-akt-prej-krimineli\/","title":{"rendered":"Berisha: Ky regjim i sh\u00ebmtuar b\u00ebri gjith\u00e7ka q\u00eb protesta jon\u00eb t\u00eb mos zhvillohej, Rama kreu nj\u00eb akt prej krimineli"},"content":{"rendered":"<p>Kryetari i Partis\u00eb Demokratike, Sali Berisha ka folur p\u00ebr mediat edhe nga shkall\u00ebt e selis\u00eb blu. Berisha theksoi se regjimi i Ram\u00ebs, b\u00ebri gjith\u00e7ka q\u00eb protesta t\u00eb mos zhvillohej.<\/p>\n<p>\u201cEdhe nj\u00ebher\u00eb, nj\u00eb mir\u00ebnjohje t\u00eb pakufishme. Ky regjim i sh\u00ebmtuar, b\u00ebri gjith\u00e7ka q\u00eb protesta jon\u00eb t\u00eb mos zhvillohej. Kaloi edhe n\u00eb nj\u00eb akt, me t\u00eb cilin d\u00ebshmoi karakterin prej krimineli Edi Rama.<\/p>\n<p>Ai q\u00eb e organizoi, zgjodh\u00ebn si n\u00eb t\u00eb gjitha rastet, nj\u00eb person q\u00eb mund t\u00eb kryej\u00eb \u00e7do gj\u00eb, dhe e b\u00ebn\u00eb si mas\u00eb t\u00eb fundit, pasi e pan\u00eb q\u00eb u l\u00ebshuan nga kat\u00ebr an\u00ebt e Tiran\u00ebs dhe Shqip\u00ebris\u00eb n\u00eb k\u00ebt\u00eb protest\u00eb q\u00eb historia do e shkruaj\u00eb me germa t\u00eb arta n\u00eb historin\u00eb e protestave t\u00eb qytetar\u00ebve t\u00eb lir\u00eb.<\/p>\n<p>Ju keni ardhur me dhjet\u00ebra dhe qindra her\u00eb n\u00eb protesta, por ju garantoj se kjo e sotmja, ka qen\u00eb p\u00ebr secilin prej jush, kryeprotesta e jet\u00ebs\u201d,\u00a0u shpreh Berisha p\u00ebr mediat.<\/p>\n","protected":false},"excerpt":{"rendered":"<p>Kryetari i Partis\u00eb Demokratike, Sali Berisha ka folur p\u00ebr mediat edhe nga shkall\u00ebt e selis\u00eb blu. Berisha theksoi se regjimi i Ram\u00ebs, b\u00ebri gjith\u00e7ka q\u00eb protesta t\u00eb mos zhvillohej. \u201cEdhe nj\u00ebher\u00eb, nj\u00eb mir\u00ebnjohje t\u00eb pakufishme. Ky regjim i sh\u00ebmtuar, b\u00ebri gjith\u00e7ka q\u00eb protesta jon\u00eb t\u00eb mos zhvillohej. Kaloi edhe n\u00eb nj\u00eb akt, me t\u00eb cilin &hellip;<\/p>\n","protected":false},"author":4,"featured_media":30767,"comment_status":"open","ping_status":"open","sticky":false,"template":"","format":"standard","meta":{"footnotes":""},"categories":[37],"tags":[],"class_list":["post-30766","post","type-post","status-publish","format-standard","has-post-thumbnail","","category-politike"],"_links":{"self":[{"href":"https:\/\/rdnews.al\/index.php\/wp-json\/wp\/v2\/posts\/30766","targetHints":{"allow":["GET"]}}],"collection":[{"href":"https:\/\/rdnews.al\/index.php\/wp-json\/wp\/v2\/posts"}],"about":[{"href":"https:\/\/rdnews.al\/index.php\/wp-json\/wp\/v2\/types\/post"}],"author":[{"embeddable":true,"href":"https:\/\/rdnews.al\/index.php\/wp-json\/wp\/v2\/users\/4"}],"replies":[{"embeddable":true,"href":"https:\/\/rdnews.al\/index.php\/wp-json\/wp\/v2\/comments?post=30766"}],"version-history":[{"count":0,"href":"https:\/\/rdnews.al\/index.php\/wp-json\/wp\/v2\/posts\/30766\/revisions"}],"wp:featuredmedia":[{"embeddable":true,"href":"https:\/\/rdnews.al\/index.php\/wp-json\/wp\/v2\/media\/30767"}],"wp:attachment":[{"href":"https:\/\/rdnews.al\/index.php\/wp-json\/wp\/v2\/media?parent=30766"}],"wp:term":[{"taxonomy":"category","embeddable":true,"href":"https:\/\/rdnews.al\/index.php\/wp-json\/wp\/v2\/categories?post=30766"},{"taxonomy":"post_tag","embeddable":true,"href":"https:\/\/rdnews.al\/index.php\/wp-json\/wp\/v2\/tags?post=30766"}],"curies":[{"name":"wp","href":"https:\/\/api.w.org\/{rel}","templated":true}]}}