{"id":30769,"date":"2022-12-06T13:41:50","date_gmt":"2022-12-06T13:41:50","guid":{"rendered":"https:\/\/rdnews.al\/?p=30769"},"modified":"2022-12-06T13:41:50","modified_gmt":"2022-12-06T13:41:50","slug":"berisha-ne-jemi-misionare-beteja-te-medha-na-presin","status":"publish","type":"post","link":"https:\/\/rdnews.al\/index.php\/2022\/12\/06\/berisha-ne-jemi-misionare-beteja-te-medha-na-presin\/","title":{"rendered":"Berisha: Ne jemi misionar\u00eb, beteja t\u00eb m\u00ebdha na presin!"},"content":{"rendered":"<p>Duke folur nga selia e Partis\u00eb Demokratike, Sali Berisha u shpreh se, sot u faktua se nuk ka forc\u00eb n\u00eb bot\u00eb q\u00eb i mposht\u00eb demokrat\u00ebt.<\/p>\n<p>\u201cNe faktuam sot se nuk ka forc\u00eb n\u00eb bot\u00eb, q\u00eb ne t\u00eb na mposht\u00eb, q\u00eb ne t\u00eb na ndaloj\u00eb p\u00ebr t\u00eb realizuar q\u00ebllimet tona. Faktuam se p\u00ebr \u00e7do rast, ne mbetemi t\u00eb pamposhtur.<\/p>\n<p>Ndaj dhe, t\u00eb frym\u00ebzuar t\u00eb gjith\u00eb nga ky akt guximi, trim\u00ebrie, p\u00ebrkushtimi dhe idealizimi, do vazhdojm\u00eb, betej\u00ebn ton\u00eb kund\u00ebr, armikut m\u00eb t\u00eb eg\u00ebr, pas Enver Hoxh\u00ebs, q\u00eb shqiptar\u00ebt kan\u00eb pasur n\u00eb t\u00ebr\u00eb historin\u00eb e tyre. At\u00eb q\u00eb po b\u00ebn Edi Rama me shqiptar\u00ebt, nuk e ka b\u00ebr\u00eb asnj\u00eb pushtues. At\u00eb q\u00eb po b\u00ebn Edi Rama, nuk e b\u00ebn asnj\u00eb udh\u00ebheq\u00ebs n\u00eb bot\u00eb.<\/p>\n<p>Ndaj dhe ne jemi misionar\u00eb t\u00eb \u00e7lirimit t\u00eb vendit ton\u00eb nga kjo monst\u00ebr, i cili nuk njeh parim, moral, ligj, p\u00ebrve\u00e7se derdh mbi shqiptar\u00ebt, urrejtjen e nj\u00eb armiku t\u00eb eg\u00ebr t\u00eb tyre.<\/p>\n<p>Se \u00e7far\u00eb mund t\u00eb b\u00ebjm\u00eb ne, e faktuam sot. Beteja t\u00eb m\u00ebdha na presin p\u00ebrpara. T\u00eb sigurt\u00eb t\u00eb jeni ju se ne do fitojm\u00eb. Nj\u00eb p\u00ebrqafim t\u00eb gjith\u00ebve\u201d,\u00a0theksoi gjat\u00eb fjal\u00ebs s\u00eb tij Berisha.<\/p>\n","protected":false},"excerpt":{"rendered":"<p>Duke folur nga selia e Partis\u00eb Demokratike, Sali Berisha u shpreh se, sot u faktua se nuk ka forc\u00eb n\u00eb bot\u00eb q\u00eb i mposht\u00eb demokrat\u00ebt. \u201cNe faktuam sot se nuk ka forc\u00eb n\u00eb bot\u00eb, q\u00eb ne t\u00eb na mposht\u00eb, q\u00eb ne t\u00eb na ndaloj\u00eb p\u00ebr t\u00eb realizuar q\u00ebllimet tona. Faktuam se p\u00ebr \u00e7do rast, ne &hellip;<\/p>\n","protected":false},"author":4,"featured_media":30770,"comment_status":"open","ping_status":"open","sticky":false,"template":"","format":"standard","meta":{"footnotes":""},"categories":[40],"tags":[],"class_list":["post-30769","post","type-post","status-publish","format-standard","has-post-thumbnail","","category-aktualitet"],"_links":{"self":[{"href":"https:\/\/rdnews.al\/index.php\/wp-json\/wp\/v2\/posts\/30769","targetHints":{"allow":["GET"]}}],"collection":[{"href":"https:\/\/rdnews.al\/index.php\/wp-json\/wp\/v2\/posts"}],"about":[{"href":"https:\/\/rdnews.al\/index.php\/wp-json\/wp\/v2\/types\/post"}],"author":[{"embeddable":true,"href":"https:\/\/rdnews.al\/index.php\/wp-json\/wp\/v2\/users\/4"}],"replies":[{"embeddable":true,"href":"https:\/\/rdnews.al\/index.php\/wp-json\/wp\/v2\/comments?post=30769"}],"version-history":[{"count":0,"href":"https:\/\/rdnews.al\/index.php\/wp-json\/wp\/v2\/posts\/30769\/revisions"}],"wp:featuredmedia":[{"embeddable":true,"href":"https:\/\/rdnews.al\/index.php\/wp-json\/wp\/v2\/media\/30770"}],"wp:attachment":[{"href":"https:\/\/rdnews.al\/index.php\/wp-json\/wp\/v2\/media?parent=30769"}],"wp:term":[{"taxonomy":"category","embeddable":true,"href":"https:\/\/rdnews.al\/index.php\/wp-json\/wp\/v2\/categories?post=30769"},{"taxonomy":"post_tag","embeddable":true,"href":"https:\/\/rdnews.al\/index.php\/wp-json\/wp\/v2\/tags?post=30769"}],"curies":[{"name":"wp","href":"https:\/\/api.w.org\/{rel}","templated":true}]}}