{"id":3087,"date":"2022-01-25T16:41:16","date_gmt":"2022-01-25T16:41:16","guid":{"rendered":"https:\/\/rdnews.al\/?p=3087"},"modified":"2022-01-25T16:41:16","modified_gmt":"2022-01-25T16:41:16","slug":"zgjedhjet-e-6-marsit-bylykbashi-primaret-pushtetin-ja-marrin-kryetarit-dhe-ja-cojme-anetareve","status":"publish","type":"post","link":"https:\/\/rdnews.al\/index.php\/2022\/01\/25\/zgjedhjet-e-6-marsit-bylykbashi-primaret-pushtetin-ja-marrin-kryetarit-dhe-ja-cojme-anetareve\/","title":{"rendered":"Zgjedhjet e 6 marsit, Bylykbashi: Primaret pushtetin ja marrin kryetarit dhe ja \u00e7ojm\u00eb an\u00ebtar\u00ebve"},"content":{"rendered":"<p>Komisioni i Rithemelimit t\u00eb PD ka nisur filtrimin e kandidat\u00ebve, t\u00eb cil\u00ebt kan\u00eb aplikuar p\u00ebr t\u2019u futur n\u00eb gar\u00eb p\u00ebr zgjedhjet e pjesshme vendore t\u00eb 6 marsit.<\/p>\n<p>Deputeti demokrat Oerd Bylykbashi n\u00eb nj\u00eb intervist\u00eb p\u00ebr RTV Ora tregon se, p\u00ebr k\u00ebto zgjedhje i kan\u00eb dh\u00ebn\u00eb fund pushtetit t\u00eb kryetarit t\u00eb partis\u00eb mbi emrat e zgjedhur.<\/p>\n<p>\u201cPrimaret pushtetin ja marrin kryetarit dhe ja \u00e7ojm\u00eb an\u00ebtar\u00ebve. N\u00ebp\u00ebrmjet procesit t\u00eb primareve t\u00eb identifikojm\u00eb kandidatin m\u00eb t\u00eb mir\u00eb, q\u00eb ka legjitimitetin m\u00eb \u00ebt madh me vot\u00ebn e an\u00ebtar\u00ebsis\u00eb p\u00ebr t\u2019ia paraqitur m\u00eb pas elektoratit. Kush mendon q\u00eb duke b\u00ebr\u00eb pazar me kryetarin mund t\u00eb dal\u00eb kandidat pa pyetur an\u00ebtar\u00ebt m\u00eb pas nuk ka t\u00eb b\u00ebj\u00eb me PD si shpirt dhe si rregull,\u201d tha Bylykbashi.<\/p>\n<p>Demokrat\u00ebt nuk do t\u00eb jen\u00eb vet\u00ebm p\u00ebrball\u00eb socialist\u00ebve, por lufta e tyre politike do t\u00eb jet\u00eb edhe brenda familjes s\u00eb p\u00ebr\u00e7are. P\u00ebr k\u00ebt\u00eb Bylkbashi kishte edhe nj\u00eb mesazh p\u00ebr ata q\u00eb mb\u00ebshtesin dhe pritet t\u00eb b\u00ebhen pjes\u00eb e ekipit t\u00eb Lulzim Bash\u00ebs p\u00ebr 6 bashkit\u00eb.<\/p>\n<p>\u201cBrenda PD-s\u00eb ku vota e an\u00ebtar\u00ebve nuk vlente p\u00ebr kryetarin, nuk vlen sot e k\u00ebsaj dite ne do japim shembull tjet\u00ebr\u201d, tha Bylykbashi.<\/p>\n<p>Komisioni i Rithemelimit do t\u00eb dal\u00eb n\u00eb gar\u00eb me 6 mars p\u00ebr tu testuar fillimisht p\u00ebrball\u00eb mb\u00ebshtetjes s\u00eb demokrat\u00ebve dhe m\u00eb pas edhe p\u00ebr t\u00eb pasur vot\u00ebn e qytetar\u00ebve.<\/p>\n<p>\u201c6 marsi \u00ebsht\u00eb nj\u00eb test politik si\u00e7 jan\u00eb \u00e7do pal\u00eb zgjedhje. PD t\u00eb hyj\u00eb n\u00eb k\u00ebt\u00eb test p\u00ebrball\u00eb nj\u00eb pushteti, i cili si\u00e7 kan\u00eb dal\u00eb regjistrimet m\u00eb t\u00eb fundit t\u00eb k\u00ebtij skandali q\u00eb ka plasur n\u00eb tentativ\u00ebn p\u00ebr t\u00eb kapur dhe ishullin e fundit jasht\u00eb kontrollit t\u00eb saj, q\u00eb p\u00ebrdor \u00e7do instrument p\u00ebr t\u00eb mbytur vot\u00ebn\u201d, tha Bylykbashi<\/p>\n","protected":false},"excerpt":{"rendered":"<p>Komisioni i Rithemelimit t\u00eb PD ka nisur filtrimin e kandidat\u00ebve, t\u00eb cil\u00ebt kan\u00eb aplikuar p\u00ebr t\u2019u futur n\u00eb gar\u00eb p\u00ebr zgjedhjet e pjesshme vendore t\u00eb 6 marsit. Deputeti demokrat Oerd Bylykbashi n\u00eb nj\u00eb intervist\u00eb p\u00ebr RTV Ora tregon se, p\u00ebr k\u00ebto zgjedhje i kan\u00eb dh\u00ebn\u00eb fund pushtetit t\u00eb kryetarit t\u00eb partis\u00eb mbi emrat e zgjedhur. &hellip;<\/p>\n","protected":false},"author":4,"featured_media":2661,"comment_status":"open","ping_status":"open","sticky":false,"template":"","format":"standard","meta":{"footnotes":""},"categories":[37],"tags":[],"class_list":["post-3087","post","type-post","status-publish","format-standard","has-post-thumbnail","","category-politike"],"_links":{"self":[{"href":"https:\/\/rdnews.al\/index.php\/wp-json\/wp\/v2\/posts\/3087","targetHints":{"allow":["GET"]}}],"collection":[{"href":"https:\/\/rdnews.al\/index.php\/wp-json\/wp\/v2\/posts"}],"about":[{"href":"https:\/\/rdnews.al\/index.php\/wp-json\/wp\/v2\/types\/post"}],"author":[{"embeddable":true,"href":"https:\/\/rdnews.al\/index.php\/wp-json\/wp\/v2\/users\/4"}],"replies":[{"embeddable":true,"href":"https:\/\/rdnews.al\/index.php\/wp-json\/wp\/v2\/comments?post=3087"}],"version-history":[{"count":0,"href":"https:\/\/rdnews.al\/index.php\/wp-json\/wp\/v2\/posts\/3087\/revisions"}],"wp:featuredmedia":[{"embeddable":true,"href":"https:\/\/rdnews.al\/index.php\/wp-json\/wp\/v2\/media\/2661"}],"wp:attachment":[{"href":"https:\/\/rdnews.al\/index.php\/wp-json\/wp\/v2\/media?parent=3087"}],"wp:term":[{"taxonomy":"category","embeddable":true,"href":"https:\/\/rdnews.al\/index.php\/wp-json\/wp\/v2\/categories?post=3087"},{"taxonomy":"post_tag","embeddable":true,"href":"https:\/\/rdnews.al\/index.php\/wp-json\/wp\/v2\/tags?post=3087"}],"curies":[{"name":"wp","href":"https:\/\/api.w.org\/{rel}","templated":true}]}}