{"id":31274,"date":"2022-12-10T18:20:51","date_gmt":"2022-12-10T18:20:51","guid":{"rendered":"https:\/\/rdnews.al\/?p=31274"},"modified":"2022-12-10T18:20:51","modified_gmt":"2022-12-10T18:20:51","slug":"alizoti-nese-rama-ka-probleme-personale-shkaterron-cdo-media","status":"publish","type":"post","link":"https:\/\/rdnews.al\/index.php\/2022\/12\/10\/alizoti-nese-rama-ka-probleme-personale-shkaterron-cdo-media\/","title":{"rendered":"Alizoti: N\u00ebse Rama ka probleme personale, shkat\u00ebrron \u00e7do media&#8230;"},"content":{"rendered":"<p>Deputeti i Partis\u00eb Demokratike, Tomor Alizoti thot\u00eb se shembja e \u201cPrestige Resort\u201d \u00ebsht\u00eb nj\u00eb mesazh q\u00eb kryeministri i ka dh\u00ebn\u00eb t\u00eb gjitha mediave q\u00eb i dalin kund\u00ebr. Sipas tij, p\u00ebr problemet personale, Rama \u00ebsht\u00eb i gatsh\u00ebm t\u2019i shkat\u00ebrroj\u00eb t\u00eb gjitha mediat. N\u00eb nj\u00eb intervist\u00eb p\u00ebr emisionin \u201cKjo Jav\u00eb\u201d, Alizoti tha se shqet\u00ebsimi n\u00eb k\u00ebt\u00eb situat\u00eb \u00ebsht\u00eb mllefi dhe epshi i kryeministrit, t\u00eb cilat kalojn\u00eb mbi ligjin.<\/p>\n<p><strong>Alizoti<\/strong>: Nuk m\u00eb shqet\u00ebson resorti m\u00eb i mir\u00eb apo m\u00eb i vog\u00ebl. M\u00eb shqet\u00ebson q\u00eb mllefi dhe epshi i kryeministrit, \u00ebsht\u00eb b\u00ebr\u00eb institucion n\u00eb Shqip\u00ebri. Mllefi i autokratit \u00ebsht\u00eb mbi ligjin. N\u00ebse ka probleme personale, \u00ebsht\u00eb n\u00eb gjendje t\u00eb shkat\u00ebrroj\u00eb \u00e7do media n\u00eb Shqip\u00ebri. Shembja e prestigjit, \u00ebsht\u00eb nj\u00eb mesazh dhe sinjal p\u00ebr t\u00eb tjer\u00ebt. Demokracia \u00ebsht\u00eb nj\u00eb produkt i vonsh\u00ebm n\u00eb Europ\u00eb.<\/p>\n<p>\u00cbsht\u00eb produkt i protest\u00ebs. Protesta \u00ebsht\u00eb nj\u00eb zem\u00ebrim. Kur pushtetar\u00ebt jetojn\u00eb n\u00eb vila, njer\u00ebzit duhet t\u00eb rebelohen. Protest\u00eb pa dh\u00ebn\u00eb ndonj\u00eb shpjegim t\u00eb ri. Protest\u00eb si n\u00eb Paris, si n\u00eb Lond\u00ebr. T\u00eb ndryshosh di\u00e7ka, duhet ta besosh vet\u00eb. Shqiptar\u00ebt duhet t\u00eb marrin p\u00ebrgjegj\u00ebsit\u00eb e tyre personale, t\u00eb mos lejojn\u00eb nj\u00eb kryebashkiak t\u00eb b\u00ebj\u00eb dasm\u00ebn n\u00eb k\u00ebshtjell\u00eb.<\/p>\n<p><strong>Pyetje<\/strong>: \u00c7far\u00eb qasje duhet t\u00eb ket\u00eb opozita?<\/p>\n<p><strong>Alizoti<\/strong>: Opozita duhet t\u00eb formoj\u00eb shum\u00eb shpejt alternativ\u00ebn e saj. T\u00eb kthej\u00eb n\u00eb kauz\u00eb zem\u00ebrimin popullor. Dhe nj\u00eb pjes\u00eb e opozit\u00ebs e \u00e7ar\u00eb mes vetes, duhet t\u00eb gjej\u00eb gjuh\u00ebn e komunikimit.<\/p>\n","protected":false},"excerpt":{"rendered":"<p>Deputeti i Partis\u00eb Demokratike, Tomor Alizoti thot\u00eb se shembja e \u201cPrestige Resort\u201d \u00ebsht\u00eb nj\u00eb mesazh q\u00eb kryeministri i ka dh\u00ebn\u00eb t\u00eb gjitha mediave q\u00eb i dalin kund\u00ebr. Sipas tij, p\u00ebr problemet personale, Rama \u00ebsht\u00eb i gatsh\u00ebm t\u2019i shkat\u00ebrroj\u00eb t\u00eb gjitha mediat. N\u00eb nj\u00eb intervist\u00eb p\u00ebr emisionin \u201cKjo Jav\u00eb\u201d, Alizoti tha se shqet\u00ebsimi n\u00eb k\u00ebt\u00eb situat\u00eb &hellip;<\/p>\n","protected":false},"author":4,"featured_media":0,"comment_status":"open","ping_status":"open","sticky":false,"template":"","format":"standard","meta":{"footnotes":""},"categories":[37],"tags":[],"class_list":["post-31274","post","type-post","status-publish","format-standard","","category-politike"],"_links":{"self":[{"href":"https:\/\/rdnews.al\/index.php\/wp-json\/wp\/v2\/posts\/31274","targetHints":{"allow":["GET"]}}],"collection":[{"href":"https:\/\/rdnews.al\/index.php\/wp-json\/wp\/v2\/posts"}],"about":[{"href":"https:\/\/rdnews.al\/index.php\/wp-json\/wp\/v2\/types\/post"}],"author":[{"embeddable":true,"href":"https:\/\/rdnews.al\/index.php\/wp-json\/wp\/v2\/users\/4"}],"replies":[{"embeddable":true,"href":"https:\/\/rdnews.al\/index.php\/wp-json\/wp\/v2\/comments?post=31274"}],"version-history":[{"count":0,"href":"https:\/\/rdnews.al\/index.php\/wp-json\/wp\/v2\/posts\/31274\/revisions"}],"wp:attachment":[{"href":"https:\/\/rdnews.al\/index.php\/wp-json\/wp\/v2\/media?parent=31274"}],"wp:term":[{"taxonomy":"category","embeddable":true,"href":"https:\/\/rdnews.al\/index.php\/wp-json\/wp\/v2\/categories?post=31274"},{"taxonomy":"post_tag","embeddable":true,"href":"https:\/\/rdnews.al\/index.php\/wp-json\/wp\/v2\/tags?post=31274"}],"curies":[{"name":"wp","href":"https:\/\/api.w.org\/{rel}","templated":true}]}}