{"id":31440,"date":"2022-12-12T16:31:23","date_gmt":"2022-12-12T16:31:23","guid":{"rendered":"https:\/\/rdnews.al\/?p=31440"},"modified":"2022-12-12T16:31:23","modified_gmt":"2022-12-12T16:31:23","slug":"tre-vrasjet-ne-elbasan-rama-ne-pergjimet-e-balles","status":"publish","type":"post","link":"https:\/\/rdnews.al\/index.php\/2022\/12\/12\/tre-vrasjet-ne-elbasan-rama-ne-pergjimet-e-balles\/","title":{"rendered":"Tre vrasjet n\u00eb Elbasan, Rama n\u00eb p\u00ebrgjimet e Ball\u00ebs?"},"content":{"rendered":"<p><strong>Basir \u00c7ollaku <\/strong><\/p>\n<p>Policia, prokuroria dhe gjykata nuk kan\u00eb qen\u00eb naiv\u00eb, ta paditur, as jan\u00eb ngat\u00ebrruar, kan\u00eb vepruar pa dashje, apo u ka rr\u00ebshkitur situata hetimore, kur kan\u00eb d\u00ebrguar numrin e shtetasit Taulant, dhe shtetasit Sokol, p\u00ebr t\u00eb p\u00ebrgjuar. Ashtu si\u00e7 deklarohet n\u00eb k\u00ebrkesat e miratura nga Gjykata prokuror\u00ebt dhe oficer\u00ebt e policis\u00eb gjyqsore donin t\u00eb m\u00ebsonin m\u00eb shum\u00eb p\u00ebr rrethanat e ngjarjes s\u00eb 3 shkurtit 2016.<\/p>\n<p>LEXO EDHE:<br \/>\nSPAK p\u00ebrfundon hetimet p\u00ebr inceneratorin e Elbasanit, 10 t\u00eb pandehur<\/p>\n<p>Ngjarje ku u vran\u00eb tre persona dhe plagos\u00ebn shtat\u00eb t\u00eb tjer\u00eb n\u00eb lokalin e Agron \u00c7apjas. Kjo m\u00eb shum\u00eb, do t\u00eb m\u00ebsohej kur t\u00eb zbardheshin bisedat mes t\u00eb p\u00ebrgjuarve, ku organi i procedures, shpresonte t\u00eb shkonte te autor\u00ebt e dyshuar t\u00eb vrasjeve dhe vendndodhja e tyre.<\/p>\n<p>Po kush ishte lapsusi i policis\u00eb, Prokuroris\u00eb dhe Gjykat\u00ebs, pas 58 or\u00eb e 50 minutave p\u00ebrgjime?<\/p>\n<p>Sepse ata kishin deklaruar n\u00eb k\u00ebrkesat p\u00ebr dyshime ty\u00eb bazuara n\u00eb prova p\u00ebr t\u00eb p\u00ebrgjuarit<\/p>\n<p>Konkretisht n\u00eb k\u00ebrkesa prokuroria dhe vendime gjykate \u00ebsht\u00eb th\u00ebn\u00eb se:<\/p>\n<p>Ndodhur n\u00eb k\u00ebto kushte nga ana e organit t\u00eb procedur\u00ebs \u00ebsht\u00eb \u00e7muar se ekziston dyshimi i arsyesh\u00ebm mb\u00ebshtetur n\u00eb prova se ka ndodhur ngjarja e r\u00ebnd\u00eb dhe personat e m\u00ebsip\u00ebrm mund t\u00eb ken\u00eb dijeni p\u00ebr autor\u00ebt e kryerjes s\u00eb k\u00ebsaj vepre penale\u2026\u201d<\/p>\n<p>A ishte Edi Rama nd\u00ebrprer\u00ebsi i p\u00ebrgjimeve? Jo duke urdh\u00ebruar, por duke qen\u00eb jo t\u00ebr\u00ebsisht rast\u00ebsor, si pjes\u00eb e nj\u00eb bisede?<\/p>\n<p>A ka folur shtetasi Taulant me ministra deputet\u00eb p\u00ebr t\u00eb nd\u00ebrhyr\u00eb n\u00eb infrastruktur\u00ebn e ngjarjes s\u00eb 3 shkurtit?<\/p>\n<p>Cila ka qen\u00eb p\u00ebrgjigja e tyre dhe angazhimi real, at\u00eb dit\u00eb dhe t\u00eb nes\u00ebrmen. A ka pasur nj\u00eb telefonate t\u00eb shtetasit Taulant me num\u00ebr 0682055399 me kryeministrin Edi Rama dhe kjo ka sjell\u00eb alarmin n\u00eb qendr\u00ebn e p\u00ebrgjimeve?!<\/p>\n<p>A ka qen\u00eb ky moment kur te serveri qendror n\u00eb Prokurorin\u00eb e P\u00ebrgjithshme, \u00ebsht\u00eb ndezur llampa e kuqe dhe nga lart posht\u00eb \u00ebsht\u00eb k\u00ebrkuar nd\u00ebrprerja e menj\u00ebhershme e p\u00ebrgjimeve dhe jo anasjelltas?<\/p>\n<p>Shtetasi Taulant dhe shetatasit e tjer\u00eb qeveritar\u00eb, ministra e pushtetar\u00eb teksa flasin n\u00ebp\u00ebr biseda e din\u00eb shum\u00eb mir\u00eb k\u00ebt\u00eb gj\u00eb. Kjo situat\u00eb e pazakont\u00eb me daljen e emrit t\u00eb kryeministrit, por dhe me bised\u00ebn reale me shtetasin Taulant, do ta ndalonte procedurialisht duke mos pasur rrethana q\u00eb e lidhnin me ngjarjen nj\u00ebrin prej bashk\u00ebbiseduesve?!<\/p>\n<p>A ka kryebashkiak\u00eb, ministra e zyrtar\u00eb t\u00eb tjer\u00eb t\u00eb lart\u00eb n\u00eb k\u00ebt\u00eb histori, q\u00eb u b\u00ebn\u00eb regjia e masakr\u00ebs hetimore?!<\/p>\n<p>Kush nga ministrat ka shkuar nga qeveria t\u00eb nes\u00ebrmen n\u00eb Elbasan, me k\u00eb pushtetar\u00eb e deputet\u00eb t\u00eb tjer\u00eb \u00ebsht\u00eb takuar? Si kan\u00eb r\u00ebn\u00eb dakort, p\u00ebr t\u00eb v\u00ebn\u00eb dor\u00eb t\u00eb fort\u00eb n\u00eb veprimet e m\u00ebvonshme hetimore, p\u00ebr ti devijuar ato? Kush ishin dhe mbeten t\u00eb dyshuarit. Ku u fsheh makina e krimit t\u00eb tre shkurtit 2016? Jan\u00eb nj\u00eb num\u00ebr i madh veprimesh t\u00eb cilat dihen nga hetuesit, por mosveprimet e tyre t\u00eb m\u00ebvonshme, kan\u00eb ndikuar n\u00eb mosdaljen e t\u00eb v\u00ebrtet\u00ebs dhe mosnd\u00ebshkimin ligjor t\u00eb autor\u00ebve t\u00eb masakr\u00ebs.<\/p>\n<p>Kjo CD e urdh\u00ebruar nga Gjykata p\u00ebr t&#8217;u asgj\u00ebsuar, madje deri n\u00eb burim n\u00eb serverin qendror, do t\u00eb kishte qen\u00eb nj\u00eb ndihm\u00eb e madhe p\u00ebr hetimin, p\u00ebr autor\u00ebt, personat ndikues n\u00eb hetim, dhenie ndihm\u00eb t\u00eb paligjshme, e shum\u00eb detaje t\u00eb tjera. Por pushteti ka mundur t\u00eb rimarr\u00eb kontrollin, pas 58 or\u00ebsh e 50 minutash, p\u00ebr t\u00eb nd\u00ebrhyr\u00eb.<\/p>\n<p>Natyrisht kompania e huaj, kompania italiane e kontraktuar, mir\u00ebmbajt\u00ebse e serverit, mundet teknologjikisht ta rikthej\u00eb materialin dhe t\u00eb m\u00ebsohen rolet e bashk\u00ebbiseduesve pushtetar\u00eb pas ngajrjes s\u00eb r\u00ebnd\u00eb t\u00eb 3 shkurtit m\u00eb aq shum\u00eb viktima. Sepese kemi nj\u00eb asgj\u00ebsim procedurial, p\u00ebr t\u00eb mos pasur fuqin\u00eb e prov\u00ebs t\u00eb materialit, por ka nj\u00eb mund\u00ebsi reale teknike.<\/p>\n<p>Gjithnj\u00eb n\u00ebse autoritetet e duhura b\u00ebjn\u00eb p\u00ebrpjekjen e duhur dhe ligjore. Ndoshta nj\u00eb Komisioni Hetimor Parlamentar do t\u00eb kishte fuqin\u00eb e duhur p\u00ebr t\u00eb rikthyer d\u00ebmtimet serioze t\u00eb k\u00ebtij hetimi, ku ka shum\u00eb ngjarje t\u00eb r\u00ebnda. Gjithnj\u00eb ndoshta. Dhe k\u00ebt\u00eb nuk mundet ta b\u00ebj\u00eb mazhoranca, por vet\u00ebm Opozita.<\/p>\n","protected":false},"excerpt":{"rendered":"<p>Basir \u00c7ollaku Policia, prokuroria dhe gjykata nuk kan\u00eb qen\u00eb naiv\u00eb, ta paditur, as jan\u00eb ngat\u00ebrruar, kan\u00eb vepruar pa dashje, apo u ka rr\u00ebshkitur situata hetimore, kur kan\u00eb d\u00ebrguar numrin e shtetasit Taulant, dhe shtetasit Sokol, p\u00ebr t\u00eb p\u00ebrgjuar. Ashtu si\u00e7 deklarohet n\u00eb k\u00ebrkesat e miratura nga Gjykata prokuror\u00ebt dhe oficer\u00ebt e policis\u00eb gjyqsore donin t\u00eb &hellip;<\/p>\n","protected":false},"author":4,"featured_media":31441,"comment_status":"open","ping_status":"open","sticky":false,"template":"","format":"standard","meta":{"footnotes":""},"categories":[37],"tags":[],"class_list":["post-31440","post","type-post","status-publish","format-standard","has-post-thumbnail","","category-politike"],"_links":{"self":[{"href":"https:\/\/rdnews.al\/index.php\/wp-json\/wp\/v2\/posts\/31440","targetHints":{"allow":["GET"]}}],"collection":[{"href":"https:\/\/rdnews.al\/index.php\/wp-json\/wp\/v2\/posts"}],"about":[{"href":"https:\/\/rdnews.al\/index.php\/wp-json\/wp\/v2\/types\/post"}],"author":[{"embeddable":true,"href":"https:\/\/rdnews.al\/index.php\/wp-json\/wp\/v2\/users\/4"}],"replies":[{"embeddable":true,"href":"https:\/\/rdnews.al\/index.php\/wp-json\/wp\/v2\/comments?post=31440"}],"version-history":[{"count":0,"href":"https:\/\/rdnews.al\/index.php\/wp-json\/wp\/v2\/posts\/31440\/revisions"}],"wp:featuredmedia":[{"embeddable":true,"href":"https:\/\/rdnews.al\/index.php\/wp-json\/wp\/v2\/media\/31441"}],"wp:attachment":[{"href":"https:\/\/rdnews.al\/index.php\/wp-json\/wp\/v2\/media?parent=31440"}],"wp:term":[{"taxonomy":"category","embeddable":true,"href":"https:\/\/rdnews.al\/index.php\/wp-json\/wp\/v2\/categories?post=31440"},{"taxonomy":"post_tag","embeddable":true,"href":"https:\/\/rdnews.al\/index.php\/wp-json\/wp\/v2\/tags?post=31440"}],"curies":[{"name":"wp","href":"https:\/\/api.w.org\/{rel}","templated":true}]}}