{"id":3162,"date":"2022-01-26T12:48:59","date_gmt":"2022-01-26T12:48:59","guid":{"rendered":"https:\/\/rdnews.al\/?p=3162"},"modified":"2022-01-26T12:48:59","modified_gmt":"2022-01-26T12:48:59","slug":"bushati-dorehiqet-si-drejtues-politik-i-pd-per-shkodren-asnje-post-nuk-vlen-sot-me-shume-se-sa-shikimi-ne-sy-i-realitetit","status":"publish","type":"post","link":"https:\/\/rdnews.al\/index.php\/2022\/01\/26\/bushati-dorehiqet-si-drejtues-politik-i-pd-per-shkodren-asnje-post-nuk-vlen-sot-me-shume-se-sa-shikimi-ne-sy-i-realitetit\/","title":{"rendered":"Bushati dor\u00ebhiqet si Drejtues Politik i PD p\u00ebr Shkodr\u00ebn: Asnj\u00eb post nuk vlen sot m\u00eb shum\u00eb se sa shikimi n\u00eb sy i realitetit"},"content":{"rendered":"<p><strong>Nga Helidon BUSHATI<\/strong><\/p>\n<p>T\u00eb dashur miq!<\/p>\n<p>Bashk\u00ebqytetar\u00eb dhe shkodran\u00ebt e mi t\u00eb nderuar!<\/p>\n<p>Pas nj\u00eb reflektimi t\u00eb thell\u00eb rreth situat\u00ebs politike dhe zhvillimeve n\u00eb PD, kam marr\u00eb vendimin p\u00ebr t&#8217;u t\u00ebrhequr nga roli i Drejtuesit Politik p\u00ebr Qarkun e Shkodr\u00ebs. K\u00ebt\u00eb qendrim, e kam komunikuar me drejtuesit e PD, p\u00ebrpara k\u00ebsaj shpallje.<\/p>\n<p>PD po kalon momente t\u00eb v\u00ebshtira por un\u00eb jam i bindur se demokratet do t\u00eb din\u00eb t\u00eb bashkohen shpejt, e t\u00eb ringrihen s\u00eb bashku.<\/p>\n<p>\u00c7far\u00eb i afron sot an\u00ebtar\u00ebt e familjes son\u00eb t\u00eb madhe politike me nj\u00ebri-tjetrin \u00ebsht\u00eb shum\u00eb m\u00eb e madhe se ajo q\u00eb i ndan, dhe sidomos nevoja jetike q\u00eb ka vendi p\u00ebr nj\u00eb p\u00ebrballje t\u00eb fort\u00eb me regjimin e mandatit t\u00eb tret\u00eb.<\/p>\n<p>Mendoj se me k\u00ebt\u00eb t\u00ebrheqje timen, krijohen mund\u00ebsi p\u00ebr energji dhe impulse q\u00eb do t&#8217;i sh\u00ebrbenin PD me synim p\u00ebrbashkimin. E po ashtu, hapen shanse p\u00ebr promovimin e emrave t\u00eb rinj. Do t\u00eb vazhdoj padyshim t\u00eb jem p\u00ebrfaq\u00ebsues dhe deputet i Partis\u00eb Demokratike dhe do t\u00eb mbroj deri n\u00eb fund interesat e qytetar\u00ebve t\u00eb Shkodr\u00ebs e n\u00eb ve\u00e7anti t\u00eb mb\u00ebshtet\u00ebsve tradicional\u00eb e historik\u00eb t\u00eb s\u00eb djatht\u00ebs.<\/p>\n<p>Ndihem \u00e7do dit\u00eb i bekuar nga p\u00ebrkrahja q\u00eb kam marr\u00eb dhe marr prej tyre.<\/p>\n<p>Dua t\u00eb falenderoj p\u00ebrzem\u00ebrsisht, t\u00eb gjith\u00eb banor\u00ebt e qarkut Shkod\u00ebr, demokrat\u00ebt e palodhur, drejtuesit e strukturave dhe bashk\u00ebpun\u00ebtor\u00ebt e mi t\u00eb af\u00ebrt p\u00ebr besimin dhe mb\u00ebshtetjen e pakursyer p\u00ebrgjat\u00eb k\u00ebtij rrug\u00ebtimi.<\/p>\n<p>Nj\u00eb besim q\u00eb do b\u00ebj gjith\u00e7ka p\u00ebr ta shp\u00ebrblyer.<\/p>\n<p>Asnj\u00eb post, p\u00ebrgjegj\u00ebsi e karrier\u00eb, nuk vlen sot m\u00eb shum\u00eb se sa analiza, dhe shikimi n\u00eb sy e me p\u00ebrul\u00ebsi i realitetit.<\/p>\n<p>P\u00ebr PD dhe interesat e saj, nuk \u00ebsht\u00eb hera e par\u00eb q\u00eb un\u00eb b\u00ebj nj\u00eb hap t\u00eb till\u00eb, duke l\u00ebn\u00eb n\u00eb plan t\u00eb dyt\u00eb ambicien personale. Bindja ime e pal\u00ebkund\u00ebr \u00ebsht\u00eb se PD dhe demokrat\u00ebt e meritojn\u00eb t\u00eb jap\u00ebsh p\u00ebr ta.<\/p>\n","protected":false},"excerpt":{"rendered":"<p>Nga Helidon BUSHATI T\u00eb dashur miq! Bashk\u00ebqytetar\u00eb dhe shkodran\u00ebt e mi t\u00eb nderuar! Pas nj\u00eb reflektimi t\u00eb thell\u00eb rreth situat\u00ebs politike dhe zhvillimeve n\u00eb PD, kam marr\u00eb vendimin p\u00ebr t&#8217;u t\u00ebrhequr nga roli i Drejtuesit Politik p\u00ebr Qarkun e Shkodr\u00ebs. K\u00ebt\u00eb qendrim, e kam komunikuar me drejtuesit e PD, p\u00ebrpara k\u00ebsaj shpallje. PD po kalon &hellip;<\/p>\n","protected":false},"author":4,"featured_media":3165,"comment_status":"open","ping_status":"open","sticky":false,"template":"","format":"standard","meta":{"footnotes":""},"categories":[37],"tags":[],"class_list":["post-3162","post","type-post","status-publish","format-standard","has-post-thumbnail","","category-politike"],"_links":{"self":[{"href":"https:\/\/rdnews.al\/index.php\/wp-json\/wp\/v2\/posts\/3162","targetHints":{"allow":["GET"]}}],"collection":[{"href":"https:\/\/rdnews.al\/index.php\/wp-json\/wp\/v2\/posts"}],"about":[{"href":"https:\/\/rdnews.al\/index.php\/wp-json\/wp\/v2\/types\/post"}],"author":[{"embeddable":true,"href":"https:\/\/rdnews.al\/index.php\/wp-json\/wp\/v2\/users\/4"}],"replies":[{"embeddable":true,"href":"https:\/\/rdnews.al\/index.php\/wp-json\/wp\/v2\/comments?post=3162"}],"version-history":[{"count":0,"href":"https:\/\/rdnews.al\/index.php\/wp-json\/wp\/v2\/posts\/3162\/revisions"}],"wp:featuredmedia":[{"embeddable":true,"href":"https:\/\/rdnews.al\/index.php\/wp-json\/wp\/v2\/media\/3165"}],"wp:attachment":[{"href":"https:\/\/rdnews.al\/index.php\/wp-json\/wp\/v2\/media?parent=3162"}],"wp:term":[{"taxonomy":"category","embeddable":true,"href":"https:\/\/rdnews.al\/index.php\/wp-json\/wp\/v2\/categories?post=3162"},{"taxonomy":"post_tag","embeddable":true,"href":"https:\/\/rdnews.al\/index.php\/wp-json\/wp\/v2\/tags?post=3162"}],"curies":[{"name":"wp","href":"https:\/\/api.w.org\/{rel}","templated":true}]}}