{"id":31744,"date":"2022-12-15T10:08:22","date_gmt":"2022-12-15T10:08:22","guid":{"rendered":"https:\/\/rdnews.al\/?p=31744"},"modified":"2022-12-15T10:08:22","modified_gmt":"2022-12-15T10:08:22","slug":"komiteti-i-bernes-kerkoi-pezullimin-e-punimeve-ne-aeroportin-e-vlores-rama-nuk-terhiqet","status":"publish","type":"post","link":"https:\/\/rdnews.al\/index.php\/2022\/12\/15\/komiteti-i-bernes-kerkoi-pezullimin-e-punimeve-ne-aeroportin-e-vlores-rama-nuk-terhiqet\/","title":{"rendered":"Komiteti i Bern\u00ebs k\u00ebrkoi pezullimin e punimeve n\u00eb Aeroportin e Vlor\u00ebs, Rama nuk t\u00ebrhiqet"},"content":{"rendered":"<p>Thirrjet p\u00ebr t\u00eb pezulluar punimet n\u00eb Aeroportin e Vlor\u00ebs nuk e shqet\u00ebsojn\u00eb kryeministrin Edi Rama. M\u00ebngjesin e sot\u00ebm, ka uruar ndjek\u00ebsit dit\u00eb t\u00eb mbar\u00eb, shoq\u00ebruar me pamjet nga aeroporti. Sipas tij, Aeroporti i Vlor\u00ebs do jet\u00eb m\u00eb i madhi n\u00eb Ballkan dhe k\u00ebt\u00eb vep\u00ebr e cil\u00ebson si nyje strategjike, e cila do ndikoj\u00eb n\u00eb fuqizimin ekonomik t\u00eb vendit.<\/p>\n<p>\u201cMir\u00ebm\u00ebngjesi, dhe me pun\u00ebn q\u00eb vijon n\u00eb rrug\u00ebn e Aeroportit t\u00eb Vlor\u00ebs, i cili do t\u00eb jet\u00eb aeroporti m\u00eb i madh n\u00eb Ballkan, dhe nj\u00eb nd\u00ebr investimet m\u00eb t\u00eb r\u00ebnd\u00ebsishme p\u00ebr ekonomin\u00eb e vendit, ju uroj nj\u00eb dit\u00eb t\u00eb mbar\u00eb\u201d, shkruan kryeministri Edi Rama.<\/p>\n<p>Komiteti i P\u00ebrhersh\u00ebm i Konvent\u00ebs s\u00eb Bern\u00ebs\u00a0dit\u00eb m\u00eb par\u00eb\u00a0u k\u00ebrkoi autoriteteve shqiptare t\u00eb pezullojn\u00eb punimet p\u00ebr nd\u00ebrtimin e Aeroportit t\u00eb Vlor\u00ebs dhe t\u00eb nd\u00ebrmarrin nj\u00eb program gjith\u00ebp\u00ebrfshir\u00ebs t\u00eb monitorimit t\u00eb jet\u00ebs s\u00eb eg\u00ebr dhe rishikimin e t\u00eb dh\u00ebnave t\u00eb Raportit t\u00eb Vler\u00ebsimit t\u00eb Ndikimit n\u00eb Mjedis p\u00ebr zon\u00ebn ku po nd\u00ebrtohet aeroporti.<\/p>\n<p>Komiteti i Konvent\u00ebs s\u00eb Bern\u00ebs e ka mb\u00ebshtetur k\u00ebrkes\u00ebn p\u00ebr autoritetet shqiptare \u201cmbi nj\u00eb vler\u00ebsim paraprak t\u00eb ekspertit, duke e trajtuar \u00e7\u00ebshtjen me urgjenc\u00eb pas ankimimit t\u00eb organizat\u00ebs mjedisore shqiptare \u201cEco Albania\u201d se nd\u00ebrtimi i aeroportit po p\u00ebrparon me shpejt\u00ebsi\u201d.<\/p>\n<p>Konventa e Bern\u00ebs e njohur ndryshe edhe si Konventa p\u00ebr Ruajtjen e Jet\u00ebs s\u00eb Eg\u00ebr dhe Habitatet Natyrore Evropiane \u00ebsht\u00eb nj\u00eb instrument juridik detyrues nd\u00ebrkomb\u00ebtar n\u00eb fush\u00ebn e mbrojtjes dhe ruajtjes s\u00eb natyr\u00ebs. Shqip\u00ebria e ka n\u00ebnshkruar k\u00ebt\u00eb Konvent\u00eb n\u00eb vitin 1995 dhe ka hyr\u00eb n\u00eb fuqi n\u00eb maj t\u00eb vitit 1999.<\/p>\n","protected":false},"excerpt":{"rendered":"<p>Thirrjet p\u00ebr t\u00eb pezulluar punimet n\u00eb Aeroportin e Vlor\u00ebs nuk e shqet\u00ebsojn\u00eb kryeministrin Edi Rama. M\u00ebngjesin e sot\u00ebm, ka uruar ndjek\u00ebsit dit\u00eb t\u00eb mbar\u00eb, shoq\u00ebruar me pamjet nga aeroporti. Sipas tij, Aeroporti i Vlor\u00ebs do jet\u00eb m\u00eb i madhi n\u00eb Ballkan dhe k\u00ebt\u00eb vep\u00ebr e cil\u00ebson si nyje strategjike, e cila do ndikoj\u00eb n\u00eb fuqizimin &hellip;<\/p>\n","protected":false},"author":4,"featured_media":0,"comment_status":"open","ping_status":"open","sticky":false,"template":"","format":"standard","meta":{"footnotes":""},"categories":[37],"tags":[],"class_list":["post-31744","post","type-post","status-publish","format-standard","","category-politike"],"_links":{"self":[{"href":"https:\/\/rdnews.al\/index.php\/wp-json\/wp\/v2\/posts\/31744","targetHints":{"allow":["GET"]}}],"collection":[{"href":"https:\/\/rdnews.al\/index.php\/wp-json\/wp\/v2\/posts"}],"about":[{"href":"https:\/\/rdnews.al\/index.php\/wp-json\/wp\/v2\/types\/post"}],"author":[{"embeddable":true,"href":"https:\/\/rdnews.al\/index.php\/wp-json\/wp\/v2\/users\/4"}],"replies":[{"embeddable":true,"href":"https:\/\/rdnews.al\/index.php\/wp-json\/wp\/v2\/comments?post=31744"}],"version-history":[{"count":0,"href":"https:\/\/rdnews.al\/index.php\/wp-json\/wp\/v2\/posts\/31744\/revisions"}],"wp:attachment":[{"href":"https:\/\/rdnews.al\/index.php\/wp-json\/wp\/v2\/media?parent=31744"}],"wp:term":[{"taxonomy":"category","embeddable":true,"href":"https:\/\/rdnews.al\/index.php\/wp-json\/wp\/v2\/categories?post=31744"},{"taxonomy":"post_tag","embeddable":true,"href":"https:\/\/rdnews.al\/index.php\/wp-json\/wp\/v2\/tags?post=31744"}],"curies":[{"name":"wp","href":"https:\/\/api.w.org\/{rel}","templated":true}]}}