{"id":32004,"date":"2022-12-17T11:11:44","date_gmt":"2022-12-17T11:11:44","guid":{"rendered":"https:\/\/rdnews.al\/?p=32004"},"modified":"2022-12-17T11:11:44","modified_gmt":"2022-12-17T11:11:44","slug":"a-u-perzu-fituesi-i-topit-te-arte-nga-kombetarja-mesazhi-i-benzema-ben-jehone","status":"publish","type":"post","link":"https:\/\/rdnews.al\/index.php\/2022\/12\/17\/a-u-perzu-fituesi-i-topit-te-arte-nga-kombetarja-mesazhi-i-benzema-ben-jehone\/","title":{"rendered":"A u \u201cp\u00ebrzu\u201d fituesi i &#8220;Topit t\u00eb Art\u00eb&#8221; nga komb\u00ebtarja? Mesazhi i Benzema b\u00ebn jehon\u00eb"},"content":{"rendered":"<p>Nj\u00eb dit\u00eb para finales s\u00eb Kup\u00ebs s\u00eb Bot\u00ebs mes Franc\u00ebs dhe Argjentin\u00ebs, sulmuesi francez Karim Benzema postoi nj\u00eb mesazh t\u00eb fsheht\u00eb n\u00eb Instagram q\u00eb shkaktoi nj\u00eb ortek komentesh dhe e vuri n\u00eb pik\u00ebpyetje statusin e tij n\u00eb komb\u00ebtare.<\/p>\n<p>Zyrtarisht futbollisti m\u00eb i mir\u00eb n\u00eb bot\u00eb u detyrua t\u00eb humbas\u00eb Kup\u00ebn e Bot\u00ebs p\u00ebr shkak se kishte probleme me nj\u00eb d\u00ebmtim dhe gjithnj\u00eb e m\u00eb shum\u00eb po shtohen spekulimet se trajneri i Franc\u00ebs Didier Deschamps refuzoi t\u00eb grumbullonte sulmuesin e Realit n\u00eb faz\u00ebn eliminatore t\u00eb Kup\u00ebs s\u00eb Bot\u00ebs n\u00eb Katar.<\/p>\n<p>Diagnoza fillestare tregoi se ai do t\u00eb ishte jasht\u00eb p\u00ebr tre jav\u00eb, por Benzema u sh\u00ebrua pas vet\u00ebm 10 dit\u00ebsh dhe ishte gati p\u00ebr t&#8217;u bashkuar me komb\u00ebtaren.<\/p>\n<p>Deschamps u pyet nga gazetar\u00ebt n\u00ebse do t\u00eb sillte Benzema-n dhe ai tha: &#8220;Uh, m\u00eb mir\u00eb t\u00eb mos p\u00ebrgjigjem. Pyetja tjet\u00ebr&#8230;&#8221;<\/p>\n<p>S\u00eb fundmi, Benzema ka postuar nj\u00eb foto t\u00eb tij n\u00eb Instagram dhe ka shkruar: \u201cNuk jam i interesuar\u201d.<\/p>\n<p>Mediat franceze raportuan menj\u00ebher\u00eb sesi Benzema i tha Deschamps-it n\u00eb k\u00ebt\u00eb m\u00ebnyr\u00eb se nuk donte t\u00eb ishte pjes\u00eb e ekipit t\u00eb tij, nd\u00ebrsa portali spanjoll Libertad shkoi nj\u00eb hap m\u00eb tej, duke pretenduar se Benzema nuk u largua vullnetarisht nga Katari, por se ai ishte \u201ci shtyr\u00eb\u201d dhe se \u00ebsht\u00eb shum\u00eb i zem\u00ebruar p\u00ebr k\u00ebt\u00eb.<\/p>\n<p>Sipas informacioneve t\u00eb tyre, pas largimit nga kampi i komb\u00ebtares, Benzema i \u00ebsht\u00eb n\u00ebnshtruar vet\u00ebm tre dit\u00ebsh terapis\u00eb me mjek\u00ebt e klubit n\u00eb Madrid, pas s\u00eb cil\u00ebs ka qen\u00eb gati. L&#8217;Equipe ka shkruar n\u00eb disa raste se atmosfera n\u00eb kampin e komb\u00ebtares franceze \u00ebsht\u00eb b\u00ebr\u00eb m\u00eb e mir\u00eb me largimin e Karimit dhe nuk ka dyshim se vet\u00ebm pas Bot\u00ebrorit historia do t\u00eb ndizet m\u00eb tej.<\/p>\n<p>Francezi iu bashkua st\u00ebrvitjes s\u00eb Realit t\u00eb shtun\u00ebn e kaluar dhe trikolor\u00ebt do t\u00eb luajn\u00eb nes\u00ebr n\u00eb finalen e Kup\u00ebs s\u00eb Bot\u00ebs kund\u00ebr Franc\u00ebs.<\/p>\n","protected":false},"excerpt":{"rendered":"<p>Nj\u00eb dit\u00eb para finales s\u00eb Kup\u00ebs s\u00eb Bot\u00ebs mes Franc\u00ebs dhe Argjentin\u00ebs, sulmuesi francez Karim Benzema postoi nj\u00eb mesazh t\u00eb fsheht\u00eb n\u00eb Instagram q\u00eb shkaktoi nj\u00eb ortek komentesh dhe e vuri n\u00eb pik\u00ebpyetje statusin e tij n\u00eb komb\u00ebtare. Zyrtarisht futbollisti m\u00eb i mir\u00eb n\u00eb bot\u00eb u detyrua t\u00eb humbas\u00eb Kup\u00ebn e Bot\u00ebs p\u00ebr shkak se &hellip;<\/p>\n","protected":false},"author":4,"featured_media":32005,"comment_status":"open","ping_status":"open","sticky":false,"template":"","format":"standard","meta":{"footnotes":""},"categories":[39],"tags":[],"class_list":["post-32004","post","type-post","status-publish","format-standard","has-post-thumbnail","","category-sport"],"_links":{"self":[{"href":"https:\/\/rdnews.al\/index.php\/wp-json\/wp\/v2\/posts\/32004","targetHints":{"allow":["GET"]}}],"collection":[{"href":"https:\/\/rdnews.al\/index.php\/wp-json\/wp\/v2\/posts"}],"about":[{"href":"https:\/\/rdnews.al\/index.php\/wp-json\/wp\/v2\/types\/post"}],"author":[{"embeddable":true,"href":"https:\/\/rdnews.al\/index.php\/wp-json\/wp\/v2\/users\/4"}],"replies":[{"embeddable":true,"href":"https:\/\/rdnews.al\/index.php\/wp-json\/wp\/v2\/comments?post=32004"}],"version-history":[{"count":0,"href":"https:\/\/rdnews.al\/index.php\/wp-json\/wp\/v2\/posts\/32004\/revisions"}],"wp:featuredmedia":[{"embeddable":true,"href":"https:\/\/rdnews.al\/index.php\/wp-json\/wp\/v2\/media\/32005"}],"wp:attachment":[{"href":"https:\/\/rdnews.al\/index.php\/wp-json\/wp\/v2\/media?parent=32004"}],"wp:term":[{"taxonomy":"category","embeddable":true,"href":"https:\/\/rdnews.al\/index.php\/wp-json\/wp\/v2\/categories?post=32004"},{"taxonomy":"post_tag","embeddable":true,"href":"https:\/\/rdnews.al\/index.php\/wp-json\/wp\/v2\/tags?post=32004"}],"curies":[{"name":"wp","href":"https:\/\/api.w.org\/{rel}","templated":true}]}}