{"id":32007,"date":"2022-12-17T11:30:32","date_gmt":"2022-12-17T11:30:32","guid":{"rendered":"https:\/\/rdnews.al\/?p=32007"},"modified":"2022-12-17T11:30:32","modified_gmt":"2022-12-17T11:30:32","slug":"berisha-publikon-videon-ne-dibren-e-braktisur-dhe-te-vjedhur-kjo-eshte-gjendja-e-ures-se-cikut","status":"publish","type":"post","link":"https:\/\/rdnews.al\/index.php\/2022\/12\/17\/berisha-publikon-videon-ne-dibren-e-braktisur-dhe-te-vjedhur-kjo-eshte-gjendja-e-ures-se-cikut\/","title":{"rendered":"Berisha publikon videon: N\u00eb Dibr\u00ebn e braktisur dhe t\u00eb vjedhur! Kjo \u00ebsht\u00eb gjendja e ur\u00ebs s\u00eb \u00c7ikut"},"content":{"rendered":"<p>Kryetari i PD, Sali Berisha publikoi disa pamje t\u00eb mjerueshme nga Dibra.<\/p>\n<p>\u201cN\u00eb Dibr\u00ebn e braktisur dhe t\u00eb vjedhur.<\/p>\n<p>Kjo \u00ebsht\u00eb gjendja e ur\u00ebs s\u00eb \u00c7ikut.<\/p>\n<p>Kjo ur\u00eb lidh ish-komun\u00ebn Selisht\u00eb, Luznin\u00eb, Arapin e ep\u00ebrm e m\u00eb shum\u00eb me bashkin\u00eb Peshkopi.<\/p>\n<p>M\u00eb vjen keq, p\u00ebr k\u00ebt\u00eb pamje t\u00eb lajm\u00ebruar&#8230;!\u201d<em>,<\/em>\u00a0shkruan Berisha.<\/p>\n<p><iframe loading=\"lazy\" style=\"border: none; overflow: hidden;\" src=\"https:\/\/www.facebook.com\/plugins\/video.php?height=476&amp;href=https%3A%2F%2Fwww.facebook.com%2FSaliBerisha%2Fvideos%2F492786706177471%2F&amp;show_text=false&amp;width=261&amp;t=0\" width=\"261\" height=\"476\" frameborder=\"0\" scrolling=\"no\" allowfullscreen=\"allowfullscreen\"><\/iframe><\/p>\n","protected":false},"excerpt":{"rendered":"<p>Kryetari i PD, Sali Berisha publikoi disa pamje t\u00eb mjerueshme nga Dibra. \u201cN\u00eb Dibr\u00ebn e braktisur dhe t\u00eb vjedhur. Kjo \u00ebsht\u00eb gjendja e ur\u00ebs s\u00eb \u00c7ikut. Kjo ur\u00eb lidh ish-komun\u00ebn Selisht\u00eb, Luznin\u00eb, Arapin e ep\u00ebrm e m\u00eb shum\u00eb me bashkin\u00eb Peshkopi. M\u00eb vjen keq, p\u00ebr k\u00ebt\u00eb pamje t\u00eb lajm\u00ebruar&#8230;!\u201d,\u00a0shkruan Berisha.<\/p>\n","protected":false},"author":4,"featured_media":32008,"comment_status":"open","ping_status":"open","sticky":false,"template":"","format":"standard","meta":{"footnotes":""},"categories":[40],"tags":[],"class_list":["post-32007","post","type-post","status-publish","format-standard","has-post-thumbnail","","category-aktualitet"],"_links":{"self":[{"href":"https:\/\/rdnews.al\/index.php\/wp-json\/wp\/v2\/posts\/32007","targetHints":{"allow":["GET"]}}],"collection":[{"href":"https:\/\/rdnews.al\/index.php\/wp-json\/wp\/v2\/posts"}],"about":[{"href":"https:\/\/rdnews.al\/index.php\/wp-json\/wp\/v2\/types\/post"}],"author":[{"embeddable":true,"href":"https:\/\/rdnews.al\/index.php\/wp-json\/wp\/v2\/users\/4"}],"replies":[{"embeddable":true,"href":"https:\/\/rdnews.al\/index.php\/wp-json\/wp\/v2\/comments?post=32007"}],"version-history":[{"count":0,"href":"https:\/\/rdnews.al\/index.php\/wp-json\/wp\/v2\/posts\/32007\/revisions"}],"wp:featuredmedia":[{"embeddable":true,"href":"https:\/\/rdnews.al\/index.php\/wp-json\/wp\/v2\/media\/32008"}],"wp:attachment":[{"href":"https:\/\/rdnews.al\/index.php\/wp-json\/wp\/v2\/media?parent=32007"}],"wp:term":[{"taxonomy":"category","embeddable":true,"href":"https:\/\/rdnews.al\/index.php\/wp-json\/wp\/v2\/categories?post=32007"},{"taxonomy":"post_tag","embeddable":true,"href":"https:\/\/rdnews.al\/index.php\/wp-json\/wp\/v2\/tags?post=32007"}],"curies":[{"name":"wp","href":"https:\/\/api.w.org\/{rel}","templated":true}]}}