{"id":32021,"date":"2022-12-17T13:35:26","date_gmt":"2022-12-17T13:35:26","guid":{"rendered":"https:\/\/rdnews.al\/?p=32021"},"modified":"2022-12-17T13:35:26","modified_gmt":"2022-12-17T13:35:26","slug":"erjon-veliaj-dhe-edi-rama-fytyra-e-vertete-e-terrorizimit-te-qytetareve-shqiptare","status":"publish","type":"post","link":"https:\/\/rdnews.al\/index.php\/2022\/12\/17\/erjon-veliaj-dhe-edi-rama-fytyra-e-vertete-e-terrorizimit-te-qytetareve-shqiptare\/","title":{"rendered":"Erjon Veliaj dhe Edi Rama fytyra e v\u00ebrtet\u00eb e terrorizimit t\u00eb qytetar\u00ebve shqiptar\u00eb!"},"content":{"rendered":"<p><strong>\u2022 Erjon Veliaj dhe Edi Rama fytyra e v\u00ebrtet\u00eb e terrorizimit t\u00eb qytetar\u00ebve shqiptar\u00eb. Nj\u00eb banor i Rrug\u00ebs &#8220;Myslym Keta&#8221; humbi jet\u00ebn pasi i nxor\u00ebn me forc\u00eb nga sht\u00ebpit\u00eb. \u00c7m\u00ebnduri dhe urrejtje ndaj shqiptar\u00ebve<\/strong><\/p>\n<p>DEKLARAT\u00cb E KANDIDATIT T\u00cb PARTIS\u00cb DEMOKRATIKE P\u00cbR BASHKIN\u00cb E TIRAN\u00cbS, BELIND K\u00cbLLI\u00c7I<\/p>\n<p>S\u00eb pari, dua t\u2019i shpreh ngush\u00ebllimet dhe solidaritetin, n\u00eb emrin tim dhe t\u00eb Partis\u00eb Demokratike, familjes Bozhiqi, q\u00eb humbi njeriun e dashur n\u00eb tensionin e p\u00ebrballjes me rruge\u00e7\u00ebrit e Policis\u00eb, Uj\u00ebsjellsit dhe OSHEE, n\u00eb rrug\u00ebn Myslym Keta.<\/p>\n<p>Por, barr\u00ebn e fajin e ka porosit\u00ebsi, jo mercenar\u00ebt, dhe i till\u00eb \u00ebsht\u00eb vet\u00ebm Erion Veliaj.<\/p>\n<p>P\u00ebr Erion Veliajn dhe Edi Ram\u00ebn kam nj\u00eb pyetje direkte dhe t\u00eb thjesht\u00eb: a mund t\u2019i linit bashk\u00ebqytetar\u00ebt tan\u00eb, n\u00ebnshtetasit tuaj, taksapaguesit e Republik\u00ebs, n\u00ebnat, et\u00ebrit, motrat dhe v\u00ebllez\u00ebrit e dikujt, q\u00eb t\u00eb pakt\u00ebn t\u00eb kalonin festat n\u00eb sht\u00ebpit\u00eb e tyre?<\/p>\n<p>\u00c7far\u00eb ishte ky nxitim p\u00ebr t\u2019i nxjerr\u00eb n\u00eb mes t\u00eb kat\u00ebr rrug\u00ebve 10 dit\u00eb para Krishtlindjes dhe 15 dit\u00eb para Vitit t\u00eb ri?<\/p>\n<p>Si ka mund\u00ebsi q\u00eb, prishjen e nd\u00ebrtimeve dhe nxjerrjen e njer\u00ebzve nga sht\u00ebpit\u00eb, e b\u00ebni ose n\u00eb fillim t\u00eb ver\u00ebs, mu n\u00eb prag t\u00eb sezonit turistik, ose n\u00eb prag t\u00eb festave, kur shqiptar\u00ebt mblidhen me familjet e tyre?<\/p>\n<p>A jeni t\u00eb posht\u00ebr, t\u00eb \u00e7mendur apo i urreni shqiptar\u00ebt?<\/p>\n<p>Me posht\u00ebrsi, \u00e7menduri dhe urrejtje u veprua edhe n\u00eb rrug\u00ebn Myslym Keta.<\/p>\n<p>Kronologjikisht historia \u00ebsht\u00eb kjo:<\/p>\n<p>Nj\u00eb dit\u00eb pas t\u00ebrmetit t\u00eb 26 n\u00ebntorit shteti leshon nj\u00eb shkres\u00eb ku e shpall pallatin t\u00eb pabanuesh\u00ebm. 10 dit\u00eb m\u00eb von\u00eb l\u00ebshon nj\u00eb shkres\u00eb tjet\u00ebr ku e konsideron t\u00eb banuesh\u00ebm, pasi nuk \u201cka d\u00ebme strukturale\u201d.<\/p>\n<p>Dhe jeta vazhdon p\u00ebr banor\u00ebt e pallatit num\u00ebr 4 n\u00eb rrug\u00ebn Myslym Keta n\u00eb Tiran\u00eb, deri n\u00eb nj\u00eb tek\u00eb t\u00eb radh\u00ebs t\u00eb Erion Veliajt, q\u00eb merr vendimin e ri p\u00ebr shembjen e pallatit.<\/p>\n<p>Banor\u00ebt nuk jan\u00eb kund\u00ebr shembjes, por k\u00ebrkojn\u00eb q\u00eb n\u00eb nd\u00ebrtimin e ri t\u2019u jepet e nj\u00ebjta sip\u00ebrfaqe me at\u00eb q\u00eb kan\u00eb aktualisht, dhe gjithashtu nj\u00eb vend ku t\u00eb fusin kok\u00ebn deri kur t\u00eb nd\u00ebrtohet pallati i ri.<\/p>\n<p>N\u00eb vend t\u00eb plot\u00ebsimit t\u00eb k\u00ebtyre kritereve q\u00eb \u00e7do shtet normal duhet t\u2019i plot\u00ebsoj\u00eb, Erion Veliaj i konsideron rebel\u00eb dhe kund\u00ebshtar\u00eb, dhe u \u00e7on pa zbardhur sabahu, Policin\u00eb, OSHEE-n\u00eb dhe Uj\u00ebsjell\u00ebsin, me q\u00ebllim largimin me forc\u00eb t\u00eb tyre dhe prerjen e dritave dhe t\u00eb ujit.<\/p>\n<p>Kam edhe nj\u00eb pyetje p\u00ebr ju t\u00eb dashur qytetar\u00eb t\u00eb Tiran\u00ebs:<\/p>\n<p>n\u00ebse keni nj\u00eb problem me dritat ose ujin, n\u00eb or\u00ebn 4.45 t\u00eb m\u00ebngjesit dhe merrni Bashkin\u00eb apo OSHEE, a ju vjen kush?<\/p>\n<p>Pse, at\u00ebher\u00eb p\u00ebr t\u00eb prer\u00eb dritat dhe ujin gjinden njer\u00ebz q\u00eb t\u2019u shkojn\u00eb qytetar\u00ebve n\u00eb or\u00ebn 4.45 t\u00eb m\u00ebngjesit?<\/p>\n<p>Pse kur k\u00ebrkohen sh\u00ebrbime nga qytetar\u00ebt nuk jepen, por kur k\u00ebrkohet krime bashkia i sjell q\u00eb pa gdhir\u00eb?<br \/>\nSepse kjo \u00ebsht\u00eb fytyra e Veliajt dhe Ram\u00ebs. Terror kund\u00ebr qytetar\u00ebve, sepse duhet t\u00eb na ken\u00eb frik\u00eb. Patronazhist\u00eb pas qytetar\u00ebve, q\u00eb t\u00eb na ken\u00eb frik\u00eb. Taksa t\u00eb larta mbi ta, q\u00eb ta ulin kok\u00ebn.<br \/>\nT\u00eb dashur qytetar\u00eb t\u00eb Tiran\u00ebs: ju ftoj t\u00eb mos dor\u00ebzoheni, ju b\u00ebj thirrje t\u00eb mos kini frik\u00eb, ju nxis t\u00eb ngriheni kund\u00ebr k\u00ebtij regjimi dhe ta refuzoni propagand\u00ebn e tij. Me rezistenc\u00eb dhe me vot\u00eb t\u00eb lire, me 14 maj, do t\u2019i nxjerrim ne k\u00ebta nga zyrat, q\u00eb i kan\u00eb marr\u00eb me patronazhist\u00eb dhe me vjedhje dhe i mbajn\u00eb me mashtrime dhe krime.<\/p>\n","protected":false},"excerpt":{"rendered":"<p>\u2022 Erjon Veliaj dhe Edi Rama fytyra e v\u00ebrtet\u00eb e terrorizimit t\u00eb qytetar\u00ebve shqiptar\u00eb. Nj\u00eb banor i Rrug\u00ebs &#8220;Myslym Keta&#8221; humbi jet\u00ebn pasi i nxor\u00ebn me forc\u00eb nga sht\u00ebpit\u00eb. \u00c7m\u00ebnduri dhe urrejtje ndaj shqiptar\u00ebve DEKLARAT\u00cb E KANDIDATIT T\u00cb PARTIS\u00cb DEMOKRATIKE P\u00cbR BASHKIN\u00cb E TIRAN\u00cbS, BELIND K\u00cbLLI\u00c7I S\u00eb pari, dua t\u2019i shpreh ngush\u00ebllimet dhe solidaritetin, n\u00eb &hellip;<\/p>\n","protected":false},"author":4,"featured_media":32022,"comment_status":"open","ping_status":"open","sticky":false,"template":"","format":"standard","meta":{"footnotes":""},"categories":[37],"tags":[],"class_list":["post-32021","post","type-post","status-publish","format-standard","has-post-thumbnail","","category-politike"],"_links":{"self":[{"href":"https:\/\/rdnews.al\/index.php\/wp-json\/wp\/v2\/posts\/32021","targetHints":{"allow":["GET"]}}],"collection":[{"href":"https:\/\/rdnews.al\/index.php\/wp-json\/wp\/v2\/posts"}],"about":[{"href":"https:\/\/rdnews.al\/index.php\/wp-json\/wp\/v2\/types\/post"}],"author":[{"embeddable":true,"href":"https:\/\/rdnews.al\/index.php\/wp-json\/wp\/v2\/users\/4"}],"replies":[{"embeddable":true,"href":"https:\/\/rdnews.al\/index.php\/wp-json\/wp\/v2\/comments?post=32021"}],"version-history":[{"count":0,"href":"https:\/\/rdnews.al\/index.php\/wp-json\/wp\/v2\/posts\/32021\/revisions"}],"wp:featuredmedia":[{"embeddable":true,"href":"https:\/\/rdnews.al\/index.php\/wp-json\/wp\/v2\/media\/32022"}],"wp:attachment":[{"href":"https:\/\/rdnews.al\/index.php\/wp-json\/wp\/v2\/media?parent=32021"}],"wp:term":[{"taxonomy":"category","embeddable":true,"href":"https:\/\/rdnews.al\/index.php\/wp-json\/wp\/v2\/categories?post=32021"},{"taxonomy":"post_tag","embeddable":true,"href":"https:\/\/rdnews.al\/index.php\/wp-json\/wp\/v2\/tags?post=32021"}],"curies":[{"name":"wp","href":"https:\/\/api.w.org\/{rel}","templated":true}]}}