{"id":32149,"date":"2022-12-19T15:47:18","date_gmt":"2022-12-19T15:47:18","guid":{"rendered":"https:\/\/rdnews.al\/?p=32149"},"modified":"2022-12-19T15:47:18","modified_gmt":"2022-12-19T15:47:18","slug":"pse-benzema-vendosi-te-braktise-kombetaren-e-frances","status":"publish","type":"post","link":"https:\/\/rdnews.al\/index.php\/2022\/12\/19\/pse-benzema-vendosi-te-braktise-kombetaren-e-frances\/","title":{"rendered":"Pse Benzema vendosi t\u00eb braktis\u00eb Komb\u00ebtaren e Franc\u00ebs"},"content":{"rendered":"<p>Nj\u00eb dit\u00eb pas mbarimit t\u00eb Bot\u00ebrorit n\u00eb Katar ka ardhur edhe largimi i Karim Benzema. Sulmuesi arriti t\u00eb fitonte Topin e Art\u00eb, por nuk ishte pjes\u00eb e Komb\u00ebtares s\u00eb Deshamp n\u00eb kompeticionin m\u00eb t\u00eb r\u00ebnd\u00ebsish\u00ebm. Pas d\u00ebmtimit t\u00eb p\u00ebsuar, Benzema mund t\u00eb gjendej n\u00eb stol dhe t\u00eb fitonte minutat e tij n\u00eb ndeshjet me faz\u00ebn me eliminim direkt.<\/p>\n<p>Megjithat\u00eb Deshamp nuk zgjodhi q\u00eb ta merrte dhe Federata mb\u00ebshteti vendimin e trajnerit. P\u00ebr k\u00ebt\u00eb arsye, Karim Benzema ka njoftuar pak minuta m\u00eb par\u00eb t\u00ebrheqjen nga Komb\u00ebtarja. \u201cUn\u00eb kam shkruar historin\u00eb time dhe e jona po mbaron\u201d, shkruan sulmuesi q\u00eb gjendet me fanell\u00ebn e Franc\u00ebs. <\/p>\n","protected":false},"excerpt":{"rendered":"<p>Nj\u00eb dit\u00eb pas mbarimit t\u00eb Bot\u00ebrorit n\u00eb Katar ka ardhur edhe largimi i Karim Benzema. Sulmuesi arriti t\u00eb fitonte Topin e Art\u00eb, por nuk ishte pjes\u00eb e Komb\u00ebtares s\u00eb Deshamp n\u00eb kompeticionin m\u00eb t\u00eb r\u00ebnd\u00ebsish\u00ebm. Pas d\u00ebmtimit t\u00eb p\u00ebsuar, Benzema mund t\u00eb gjendej n\u00eb stol dhe t\u00eb fitonte minutat e tij n\u00eb ndeshjet me faz\u00ebn &hellip;<\/p>\n","protected":false},"author":4,"featured_media":32150,"comment_status":"open","ping_status":"open","sticky":false,"template":"","format":"standard","meta":{"footnotes":""},"categories":[37,39],"tags":[],"class_list":["post-32149","post","type-post","status-publish","format-standard","has-post-thumbnail","","category-politike","category-sport"],"_links":{"self":[{"href":"https:\/\/rdnews.al\/index.php\/wp-json\/wp\/v2\/posts\/32149","targetHints":{"allow":["GET"]}}],"collection":[{"href":"https:\/\/rdnews.al\/index.php\/wp-json\/wp\/v2\/posts"}],"about":[{"href":"https:\/\/rdnews.al\/index.php\/wp-json\/wp\/v2\/types\/post"}],"author":[{"embeddable":true,"href":"https:\/\/rdnews.al\/index.php\/wp-json\/wp\/v2\/users\/4"}],"replies":[{"embeddable":true,"href":"https:\/\/rdnews.al\/index.php\/wp-json\/wp\/v2\/comments?post=32149"}],"version-history":[{"count":0,"href":"https:\/\/rdnews.al\/index.php\/wp-json\/wp\/v2\/posts\/32149\/revisions"}],"wp:featuredmedia":[{"embeddable":true,"href":"https:\/\/rdnews.al\/index.php\/wp-json\/wp\/v2\/media\/32150"}],"wp:attachment":[{"href":"https:\/\/rdnews.al\/index.php\/wp-json\/wp\/v2\/media?parent=32149"}],"wp:term":[{"taxonomy":"category","embeddable":true,"href":"https:\/\/rdnews.al\/index.php\/wp-json\/wp\/v2\/categories?post=32149"},{"taxonomy":"post_tag","embeddable":true,"href":"https:\/\/rdnews.al\/index.php\/wp-json\/wp\/v2\/tags?post=32149"}],"curies":[{"name":"wp","href":"https:\/\/api.w.org\/{rel}","templated":true}]}}