{"id":32429,"date":"2022-12-21T15:34:06","date_gmt":"2022-12-21T15:34:06","guid":{"rendered":"https:\/\/rdnews.al\/?p=32429"},"modified":"2022-12-21T15:34:06","modified_gmt":"2022-12-21T15:34:06","slug":"9-roje-shqerojne-veliajn-nga-bashkia-tek-teatri-nga-se-ka-frike-kukulla-e-rames","status":"publish","type":"post","link":"https:\/\/rdnews.al\/index.php\/2022\/12\/21\/9-roje-shqerojne-veliajn-nga-bashkia-tek-teatri-nga-se-ka-frike-kukulla-e-rames\/","title":{"rendered":"9 roje shq\u00ebrojn\u00eb Veliajn nga Bashkia tek Teatri, nga se ka frik\u00eb kukulla e Ram\u00ebs?"},"content":{"rendered":"<p>Nisja e pun\u00ebs p\u00ebr Teatrin e ri Komb\u00ebtar \u00ebsht\u00eb pritur me protest\u00eb para sheshit t\u00eb nd\u00ebrtimit. Edhe pse kishte m\u00eb shum\u00eb prezenc\u00eb t\u00eb policis\u00eb se t\u00eb mb\u00ebshtet\u00ebsve t\u00eb aleanc\u00ebs.<\/p>\n<p>N\u00eb kushte rrethimi jo vet\u00ebm me efektiv\u00eb por edhe nj\u00eb num\u00ebr t\u00eb lart\u00eb mbrojt\u00ebsisht mb\u00ebrriti edhe kryetari i Bashkis\u00eb s\u00eb Tiran\u00ebs ndaj t\u00eb cilit u hodh\u00ebn edhe akuza. Plot 9 roje kan\u00eb shoq\u00ebruar Veliajn p\u00ebr 50 metra rug\u00eb nga Bashkia tek ish-Teatri.<\/p>\n<p>Krahasim p\u00ebr projektin ai b\u00ebri me stadiumin komb\u00ebtar.<\/p>\n<p>&#8220;Por kjo vjen edhe p\u00ebr faktin se un\u00eb ia kisha shpallur luft\u00ebn q\u00eb nga viti 1998. Vetvetiu u krijua nj\u00eb instikt vetmbrojtjeje me iden\u00eb se mbase kjo ishte nj\u00eb grack\u00eb e madhe  dhe zgjigjet ai misteri i madh: Ka kull\u00eb, s&#8217;ka kull\u00eb n\u00eb teat\u00ebr,&#8221; tha ai.<\/p>\n<p>Duke e cil\u00ebsuar si vep\u00ebr t\u00eb domosdoshme p\u00ebrball\u00eb mediave shigjetoi Veliajn p\u00ebr vijimin e punimeve.<br \/>\n&#8220;Po tani mund t\u00eb them se \u00e7far\u00eb nuk ec\u00ebn, e keni me lali Erin, un\u00eb e mbarova pun\u00ebn time. Faleminderit,&#8221; tha ai.<\/p>\n","protected":false},"excerpt":{"rendered":"<p>Nisja e pun\u00ebs p\u00ebr Teatrin e ri Komb\u00ebtar \u00ebsht\u00eb pritur me protest\u00eb para sheshit t\u00eb nd\u00ebrtimit. Edhe pse kishte m\u00eb shum\u00eb prezenc\u00eb t\u00eb policis\u00eb se t\u00eb mb\u00ebshtet\u00ebsve t\u00eb aleanc\u00ebs. N\u00eb kushte rrethimi jo vet\u00ebm me efektiv\u00eb por edhe nj\u00eb num\u00ebr t\u00eb lart\u00eb mbrojt\u00ebsisht mb\u00ebrriti edhe kryetari i Bashkis\u00eb s\u00eb Tiran\u00ebs ndaj t\u00eb cilit u hodh\u00ebn &hellip;<\/p>\n","protected":false},"author":4,"featured_media":32430,"comment_status":"open","ping_status":"open","sticky":false,"template":"","format":"standard","meta":{"footnotes":""},"categories":[37],"tags":[],"class_list":["post-32429","post","type-post","status-publish","format-standard","has-post-thumbnail","","category-politike"],"_links":{"self":[{"href":"https:\/\/rdnews.al\/index.php\/wp-json\/wp\/v2\/posts\/32429","targetHints":{"allow":["GET"]}}],"collection":[{"href":"https:\/\/rdnews.al\/index.php\/wp-json\/wp\/v2\/posts"}],"about":[{"href":"https:\/\/rdnews.al\/index.php\/wp-json\/wp\/v2\/types\/post"}],"author":[{"embeddable":true,"href":"https:\/\/rdnews.al\/index.php\/wp-json\/wp\/v2\/users\/4"}],"replies":[{"embeddable":true,"href":"https:\/\/rdnews.al\/index.php\/wp-json\/wp\/v2\/comments?post=32429"}],"version-history":[{"count":0,"href":"https:\/\/rdnews.al\/index.php\/wp-json\/wp\/v2\/posts\/32429\/revisions"}],"wp:featuredmedia":[{"embeddable":true,"href":"https:\/\/rdnews.al\/index.php\/wp-json\/wp\/v2\/media\/32430"}],"wp:attachment":[{"href":"https:\/\/rdnews.al\/index.php\/wp-json\/wp\/v2\/media?parent=32429"}],"wp:term":[{"taxonomy":"category","embeddable":true,"href":"https:\/\/rdnews.al\/index.php\/wp-json\/wp\/v2\/categories?post=32429"},{"taxonomy":"post_tag","embeddable":true,"href":"https:\/\/rdnews.al\/index.php\/wp-json\/wp\/v2\/tags?post=32429"}],"curies":[{"name":"wp","href":"https:\/\/api.w.org\/{rel}","templated":true}]}}