{"id":32480,"date":"2022-12-21T19:44:28","date_gmt":"2022-12-21T19:44:28","guid":{"rendered":"https:\/\/rdnews.al\/?p=32480"},"modified":"2022-12-21T19:44:28","modified_gmt":"2022-12-21T19:44:28","slug":"dvoranet-e-denuar-te-nazizmit-dhe-dvoranet-e-drejtesise-se-re","status":"publish","type":"post","link":"https:\/\/rdnews.al\/index.php\/2022\/12\/21\/dvoranet-e-denuar-te-nazizmit-dhe-dvoranet-e-drejtesise-se-re\/","title":{"rendered":"\u201cDvoran\u00ebt\u201d e d\u00ebnuar t\u00eb nazizmit dhe dvoran\u00ebt e \u201cdrejt\u00ebsis\u00eb s\u00eb re\u201d!"},"content":{"rendered":"<p><strong>Nga Gent STRAZIMIRI<\/strong><\/p>\n<p>For IMMEDIATE RELEASE<\/p>\n<p>_________________<\/p>\n<p>\u2018Dvoran\u00ebt\u2019 e d\u00ebnuar t\u00eb nazizmit dhe dvoran\u00ebt e \u2018drejt\u00ebsis\u00eb s\u00eb re\u2019!<\/p>\n<p>Meq\u00eb sot vendoset ri- Dvoranizimi i drejt\u00ebsis\u00eb shqiptare, ja sa larg STANDARDIT ND\u00cbRKOMB\u00cbTAR t\u00eb vendosur q\u00eb n\u00eb 1947 n\u00eb N\u00fcremberg jemi sot si shoq\u00ebri dhe si \u2018drejt\u00ebsi\u2019:<\/p>\n<p>\u2018Me m\u00ebnyr\u00ebn dhe metodat e tij ai e b\u00ebri gjykimin nj\u00eb instrument t\u00eb terrorit dhe fitoi frik\u00ebn dhe urrejtjen e popullat\u00ebs.<\/p>\n<p>Nga d\u00ebshmit\u00eb e bashk\u00ebpun\u00ebtor\u00ebve t\u00eb tij m\u00eb t\u00eb af\u00ebrt si dhe viktimave t\u00eb tij, ne zbulojm\u00eb se Oswald Rothaug p\u00ebrfaq\u00ebsonte n\u00eb Gjermani personifikimin e intrig\u00ebs sekrete dhe eg\u00ebrsis\u00eb naziste.<\/p>\n<p>Ai ishte dhe \u00ebsht\u00eb nj\u00eb njeri sadist dhe i lig.<\/p>\n<p>N\u00ebn \u00e7do sistem gjyq\u00ebsor t\u00eb civilizuar ai do t\u00eb mund t\u00eb ishte akuzuar, larguar nga detyra ose d\u00ebnuar p\u00ebr keqp\u00ebrdorim n\u00eb detyr\u00eb p\u00ebr shkak t\u00eb keqdashjes skematike me t\u00eb cil\u00ebn ai administroi padrejt\u00ebsi.\u2019<\/p>\n<p>(Gjyqi i Nurembergut, procesi \u2018Gjykimi i gjyqtar\u00ebve&#8217; ose \u2018SHBA kund\u00ebr Jozef Altst\u00f6tter dhe t\u00eb tjer\u00ebve\u2019, 4 dhjetor 1947).<\/p>\n<p>* U d\u00ebnuan me burgime nga \u2018i p\u00ebrjetsh\u00ebm\u2019 deri n\u00eb \u201810 vjet burg\u2019, 10 gjyqtar\u00eb, prokuror\u00eb dhe hetues t\u00eb regjimit nazist.<\/p>\n<p>* Argumenti \u2018zbatova me korrekt\u00ebsi ligjet e koh\u00ebs\u2019, u hodh posht\u00eb me p\u00ebrbuzje nga gjykata, me argumentimin e cituar m\u00eb lart n\u00eb thonj\u00ebza!!!<\/p>\n<p>* Sot pas 75 vjet\u00ebsh, askush nuk ka guxuar ta sfidoj\u00eb k\u00ebt\u00eb vendim as ligj\u00ebrisht e as moralisht!<\/p>\n<p>Madje, vendimi m\u00eb sip\u00ebr ka prodhuar jurisprudenc\u00eb n\u00eb SHOQ\u00cbRIT\u00cb E CIVILIZUARA, aq sa apologjia ndaj t\u00eb d\u00ebnuarve dhe krimeve t\u00eb tyre konsiderohet vep\u00ebr penale dhe d\u00ebnohet me burg!<\/p>\n<p>KAQ!<\/p>\n<p><img loading=\"lazy\" decoding=\"async\" class=\"alignnone size-medium wp-image-32481\" src=\"https:\/\/rdnews.al\/wp-content\/uploads\/2022\/12\/ww-1-300x259.jpg\" alt=\"\" width=\"300\" height=\"259\" srcset=\"https:\/\/rdnews.al\/wp-content\/uploads\/2022\/12\/ww-1-300x259.jpg 300w, https:\/\/rdnews.al\/wp-content\/uploads\/2022\/12\/ww-1-768x662.jpg 768w, https:\/\/rdnews.al\/wp-content\/uploads\/2022\/12\/ww-1.jpg 900w\" sizes=\"auto, (max-width: 300px) 100vw, 300px\" \/><\/p>\n","protected":false},"excerpt":{"rendered":"<p>Nga Gent STRAZIMIRI For IMMEDIATE RELEASE _________________ \u2018Dvoran\u00ebt\u2019 e d\u00ebnuar t\u00eb nazizmit dhe dvoran\u00ebt e \u2018drejt\u00ebsis\u00eb s\u00eb re\u2019! Meq\u00eb sot vendoset ri- Dvoranizimi i drejt\u00ebsis\u00eb shqiptare, ja sa larg STANDARDIT ND\u00cbRKOMB\u00cbTAR t\u00eb vendosur q\u00eb n\u00eb 1947 n\u00eb N\u00fcremberg jemi sot si shoq\u00ebri dhe si \u2018drejt\u00ebsi\u2019: \u2018Me m\u00ebnyr\u00ebn dhe metodat e tij ai e b\u00ebri gjykimin &hellip;<\/p>\n","protected":false},"author":4,"featured_media":8847,"comment_status":"open","ping_status":"open","sticky":false,"template":"","format":"standard","meta":{"footnotes":""},"categories":[44],"tags":[],"class_list":["post-32480","post","type-post","status-publish","format-standard","has-post-thumbnail","","category-editorial"],"_links":{"self":[{"href":"https:\/\/rdnews.al\/index.php\/wp-json\/wp\/v2\/posts\/32480","targetHints":{"allow":["GET"]}}],"collection":[{"href":"https:\/\/rdnews.al\/index.php\/wp-json\/wp\/v2\/posts"}],"about":[{"href":"https:\/\/rdnews.al\/index.php\/wp-json\/wp\/v2\/types\/post"}],"author":[{"embeddable":true,"href":"https:\/\/rdnews.al\/index.php\/wp-json\/wp\/v2\/users\/4"}],"replies":[{"embeddable":true,"href":"https:\/\/rdnews.al\/index.php\/wp-json\/wp\/v2\/comments?post=32480"}],"version-history":[{"count":0,"href":"https:\/\/rdnews.al\/index.php\/wp-json\/wp\/v2\/posts\/32480\/revisions"}],"wp:featuredmedia":[{"embeddable":true,"href":"https:\/\/rdnews.al\/index.php\/wp-json\/wp\/v2\/media\/8847"}],"wp:attachment":[{"href":"https:\/\/rdnews.al\/index.php\/wp-json\/wp\/v2\/media?parent=32480"}],"wp:term":[{"taxonomy":"category","embeddable":true,"href":"https:\/\/rdnews.al\/index.php\/wp-json\/wp\/v2\/categories?post=32480"},{"taxonomy":"post_tag","embeddable":true,"href":"https:\/\/rdnews.al\/index.php\/wp-json\/wp\/v2\/tags?post=32480"}],"curies":[{"name":"wp","href":"https:\/\/api.w.org\/{rel}","templated":true}]}}