{"id":3271,"date":"2022-01-27T11:41:42","date_gmt":"2022-01-27T11:41:42","guid":{"rendered":"https:\/\/rdnews.al\/?p=3271"},"modified":"2022-01-27T11:54:31","modified_gmt":"2022-01-27T11:54:31","slug":"3271","status":"publish","type":"post","link":"https:\/\/rdnews.al\/index.php\/2022\/01\/27\/3271\/","title":{"rendered":"Berisha n\u00eb Parlament: Pse heshtni, Shqip\u00ebria t\u2019i d\u00ebrgoj\u00eb arm\u00eb Ukrain\u00ebs"},"content":{"rendered":"<p>Ish-Kryeministri Berisha ngriti me forc\u00eb z\u00ebrin sot n\u00eb Parlament q\u00eb Shqip\u00ebria t\u00eb mos hesht\u00eb, por t\u00eb solidarizohet me Ukrain\u00ebn, e cila gjendet n\u00ebn k\u00ebrc\u00ebnimin e Kremlinit. Berisha ka d\u00ebnuar heshtjen e q\u00ebllimshme t\u00eb kreut t\u00eb qeveris\u00eb shqiptare, Edi Ram\u00ebs, pasi e konsideroi at\u00eb si nj\u00eb argat t\u00eb Beogradit dhe krahas tij, edhe t\u00eb Lulzim Bash\u00ebs, \u201cpengut t\u00eb\u00a0 Ram\u00ebs\u201d.<\/p>\n<p>\u201cPo k\u00ebrc\u00ebnohet p\u00ebr pushtim nj\u00eb shtet sovran q\u00eb po p\u00ebrpiqet t\u00eb ec\u00eb n\u00eb rrug\u00ebn e demokracis\u00eb! \u00c7far\u00eb \u00ebsht\u00eb kjo qeveri?! Sikur jan\u00eb sfer\u00eb e Putinit. A rrihet n\u00eb k\u00ebt\u00eb parlament?! Jo, nuk rrihet! Por jam k\u00ebtu p\u00ebr t\u2019i shprehur solidaritetin tim t\u00eb plot\u00eb n\u00eb em\u00ebr t\u00eb PD-s\u00eb, t\u00eb demokrat\u00ebve shqiptar\u00ebve, kombit ukrainas, shqiptar\u00ebve n\u00eb Odes\u00eb e kudo q\u00eb jan\u00eb dhe p\u00ebr t\u00eb ndihmuar Ukrain\u00ebn q\u00eb k\u00ebrc\u00ebnohet nga nj\u00eb barbari e Kremlinit&#8221;.<\/p>\n<p>&#8220;Shqip\u00ebria duhet t\u00eb b\u00ebj\u00eb gjith\u00e7ka p\u00ebr t\u00eb ndihmuar k\u00ebt\u00eb vend, t\u00eb pakt\u00ebn fishek\u00eb dhe municione mund t\u2019u d\u00ebrgohen, por \u201cArgati i Beogradit\u201d jo m\u00eb kot hesht dhe Pengu i tij natyrisht i paqen\u00eb &#8211; por ju zot\u00ebrinj duhet t\u00eb ngrini z\u00ebrin se ju p\u00ebrfaq\u00ebsoni PD-n\u00eb dhe jo Lul Brav\u00ebn, ndaj duhet t\u00eb shprehni solidaritet p\u00ebr kombin ukrainas.<\/p>\n<p>Nuk mund t\u00eb mbizot\u00ebroj\u00eb k\u00ebtu Beogradi. E kam ngritur edhe m\u00eb par\u00eb, \u201cBallkani i Hapur\u201d \u00ebsht\u00eb hegjemoni serbe dhe influenc\u00eb ruse. Por duhet t\u00eb vijn\u00eb k\u00ebtu (n\u00eb seanc\u00eb, Rama dhe Basha) se ata edhe kur mungojn\u00eb, mungojn\u00eb s\u00eb bashku!<\/p>\n<p>\u00c7far\u00eb po lexoni k\u00ebtu zonj\u00eb, (Nikoll\u00ebs), nj\u00eb marr\u00ebveshje me BE-n\u00eb?! Po si nuk shprehni n\u00eb radh\u00eb t\u00eb par\u00eb solidaritetin me BE-n\u00eb dhe p\u00ebr sigurin\u00eb?! A e dini ju q\u00eb vende balltike jan\u00eb t\u00eb k\u00ebrc\u00ebnuara?! Pse e keni t\u00eb v\u00ebshtir\u00eb ju q\u00eb t\u00eb d\u00ebnoni Beogradin dhe Mosk\u00ebn?!\u201d\u00a0e pyeti drejtp\u00ebrs\u00ebdrejti\u00a0Berisha, kryetaren socialiste t\u00eb\u00a0Kuvendit.<\/p>\n","protected":false},"excerpt":{"rendered":"<p>Ish-Kryeministri Berisha ngriti me forc\u00eb z\u00ebrin sot n\u00eb Parlament q\u00eb Shqip\u00ebria t\u00eb mos hesht\u00eb, por t\u00eb solidarizohet me Ukrain\u00ebn, e cila gjendet n\u00ebn k\u00ebrc\u00ebnimin e Kremlinit. Berisha ka d\u00ebnuar heshtjen e q\u00ebllimshme t\u00eb kreut t\u00eb qeveris\u00eb shqiptare, Edi Ram\u00ebs, pasi e konsideroi at\u00eb si nj\u00eb argat t\u00eb Beogradit dhe krahas tij, edhe t\u00eb Lulzim Bash\u00ebs, &hellip;<\/p>\n","protected":false},"author":4,"featured_media":3272,"comment_status":"open","ping_status":"open","sticky":false,"template":"","format":"standard","meta":{"footnotes":""},"categories":[37],"tags":[],"class_list":["post-3271","post","type-post","status-publish","format-standard","has-post-thumbnail","","category-politike"],"_links":{"self":[{"href":"https:\/\/rdnews.al\/index.php\/wp-json\/wp\/v2\/posts\/3271","targetHints":{"allow":["GET"]}}],"collection":[{"href":"https:\/\/rdnews.al\/index.php\/wp-json\/wp\/v2\/posts"}],"about":[{"href":"https:\/\/rdnews.al\/index.php\/wp-json\/wp\/v2\/types\/post"}],"author":[{"embeddable":true,"href":"https:\/\/rdnews.al\/index.php\/wp-json\/wp\/v2\/users\/4"}],"replies":[{"embeddable":true,"href":"https:\/\/rdnews.al\/index.php\/wp-json\/wp\/v2\/comments?post=3271"}],"version-history":[{"count":0,"href":"https:\/\/rdnews.al\/index.php\/wp-json\/wp\/v2\/posts\/3271\/revisions"}],"wp:featuredmedia":[{"embeddable":true,"href":"https:\/\/rdnews.al\/index.php\/wp-json\/wp\/v2\/media\/3272"}],"wp:attachment":[{"href":"https:\/\/rdnews.al\/index.php\/wp-json\/wp\/v2\/media?parent=3271"}],"wp:term":[{"taxonomy":"category","embeddable":true,"href":"https:\/\/rdnews.al\/index.php\/wp-json\/wp\/v2\/categories?post=3271"},{"taxonomy":"post_tag","embeddable":true,"href":"https:\/\/rdnews.al\/index.php\/wp-json\/wp\/v2\/tags?post=3271"}],"curies":[{"name":"wp","href":"https:\/\/api.w.org\/{rel}","templated":true}]}}