{"id":32980,"date":"2023-01-03T19:23:17","date_gmt":"2023-01-03T19:23:17","guid":{"rendered":"https:\/\/rdnews.al\/?p=32980"},"modified":"2023-01-03T19:23:17","modified_gmt":"2023-01-03T19:23:17","slug":"berisha-vendi-eshte-ne-nje-rrokullisje-ne-nje-gjendje-si-asnjehere-me-pare","status":"publish","type":"post","link":"https:\/\/rdnews.al\/index.php\/2023\/01\/03\/berisha-vendi-eshte-ne-nje-rrokullisje-ne-nje-gjendje-si-asnjehere-me-pare\/","title":{"rendered":"Berisha: Vendi \u00ebsht\u00eb n\u00eb nj\u00eb rrokullisje, n\u00eb nj\u00eb gjendje si asnj\u00ebher\u00eb m\u00eb par\u00eb!"},"content":{"rendered":"<p>Kryetari i PD, Sali Berisha ka ndar\u00eb n\u00eb faqen e tij n\u00eb Facebook nj\u00eb mesazh t\u00eb shkurt\u00ebr q\u00eb ka t\u00eb b\u00ebj\u00eb me shpopullimin e vendit. Lideri i opozit\u00ebs theksoi gjat\u00eb nj\u00eb takimi q\u00eb zhvilloi n\u00eb Tiran\u00eb me ekipin e departamentit Brain Gain dhe Ekselenc\u00ebs pran\u00eb selis\u00eb s\u00eb PD.<\/p>\n<p>\u201cMisionar\u00ebt i hyjn\u00eb detit me k\u00ebmb\u00eb\u201d, shkruan Berisha n\u00eb mesazhin e tij q\u00eb e shoq\u00ebron edhe me nj\u00eb Video.<\/p>\n<p><strong>Teksti i plot\u00eb<\/strong><\/p>\n<p>Vendi \u00ebsht\u00eb n\u00eb nj\u00eb rrokullisje, e pret k\u00ebt\u00eb vit t\u00eb ri n\u00eb nj\u00eb gjendje si asnj\u00ebher\u00eb m\u00eb par\u00eb. N\u00eb historin\u00eb e luft\u00ebrave bot\u00ebrore apo civile nuk gjendet asnj\u00eb komb tjet\u00ebr q\u00eb t\u00eb ket\u00eb p\u00ebsuar, k\u00ebt\u00eb katastrof\u00eb demografike q\u00eb ka p\u00ebsuar kombi shqiptar<\/p>\n<p>Por p\u00ebrs\u00ebri, viti i ri \u00ebsht\u00eb vit i ri, \u00ebsht\u00eb fillim i ri, \u00ebsht\u00eb shpres\u00eb, \u00ebsht\u00eb besim.<\/p>\n<p>Nuk ka mision t\u00eb leht\u00eb. Misionet jan\u00eb gjithmon\u00eb t\u00eb v\u00ebshtira dhe misionar\u00ebt shpesh i thon\u00eb vetes se k\u00ebsaj i thon\u00eb tu hyhet detit me k\u00ebmb\u00eb. Por detit mund ti hyhet me k\u00ebmb\u00eb. N\u00eb nj\u00eb mision shum\u00eb zor d\u00ebshton njeriu.<\/p>\n<p><iframe loading=\"lazy\" style=\"border: none; overflow: hidden;\" src=\"https:\/\/www.facebook.com\/plugins\/video.php?height=316&amp;href=https%3A%2F%2Fwww.facebook.com%2FSaliBerisha%2Fvideos%2F724173422304659%2F&amp;show_text=false&amp;width=560&amp;t=0\" width=\"560\" height=\"316\" frameborder=\"0\" scrolling=\"no\" allowfullscreen=\"allowfullscreen\"><\/iframe><\/p>\n","protected":false},"excerpt":{"rendered":"<p>Kryetari i PD, Sali Berisha ka ndar\u00eb n\u00eb faqen e tij n\u00eb Facebook nj\u00eb mesazh t\u00eb shkurt\u00ebr q\u00eb ka t\u00eb b\u00ebj\u00eb me shpopullimin e vendit. Lideri i opozit\u00ebs theksoi gjat\u00eb nj\u00eb takimi q\u00eb zhvilloi n\u00eb Tiran\u00eb me ekipin e departamentit Brain Gain dhe Ekselenc\u00ebs pran\u00eb selis\u00eb s\u00eb PD. \u201cMisionar\u00ebt i hyjn\u00eb detit me k\u00ebmb\u00eb\u201d, shkruan &hellip;<\/p>\n","protected":false},"author":4,"featured_media":32981,"comment_status":"open","ping_status":"open","sticky":false,"template":"","format":"standard","meta":{"footnotes":""},"categories":[37],"tags":[],"class_list":["post-32980","post","type-post","status-publish","format-standard","has-post-thumbnail","","category-politike"],"_links":{"self":[{"href":"https:\/\/rdnews.al\/index.php\/wp-json\/wp\/v2\/posts\/32980","targetHints":{"allow":["GET"]}}],"collection":[{"href":"https:\/\/rdnews.al\/index.php\/wp-json\/wp\/v2\/posts"}],"about":[{"href":"https:\/\/rdnews.al\/index.php\/wp-json\/wp\/v2\/types\/post"}],"author":[{"embeddable":true,"href":"https:\/\/rdnews.al\/index.php\/wp-json\/wp\/v2\/users\/4"}],"replies":[{"embeddable":true,"href":"https:\/\/rdnews.al\/index.php\/wp-json\/wp\/v2\/comments?post=32980"}],"version-history":[{"count":0,"href":"https:\/\/rdnews.al\/index.php\/wp-json\/wp\/v2\/posts\/32980\/revisions"}],"wp:featuredmedia":[{"embeddable":true,"href":"https:\/\/rdnews.al\/index.php\/wp-json\/wp\/v2\/media\/32981"}],"wp:attachment":[{"href":"https:\/\/rdnews.al\/index.php\/wp-json\/wp\/v2\/media?parent=32980"}],"wp:term":[{"taxonomy":"category","embeddable":true,"href":"https:\/\/rdnews.al\/index.php\/wp-json\/wp\/v2\/categories?post=32980"},{"taxonomy":"post_tag","embeddable":true,"href":"https:\/\/rdnews.al\/index.php\/wp-json\/wp\/v2\/tags?post=32980"}],"curies":[{"name":"wp","href":"https:\/\/api.w.org\/{rel}","templated":true}]}}